{"id":11581,"date":"2026-03-13T08:00:39","date_gmt":"2026-03-13T07:00:39","guid":{"rendered":"https:\/\/easo.eus\/?p=11581"},"modified":"2026-03-13T08:01:51","modified_gmt":"2026-03-13T07:01:51","slug":"la-promocion-25-26-del-ciclo-de-prevencion-de-riesgos-profesionales-en-la-formacion-dual-general","status":"publish","type":"post","link":"https:\/\/easo.eus\/es\/2026\/03\/13\/la-promocion-25-26-del-ciclo-de-prevencion-de-riesgos-profesionales-en-la-formacion-dual-general\/","title":{"rendered":"La promoci\u00f3n 25\/26 del ciclo de prevenci\u00f3n de riesgos profesionales en la formaci\u00f3n DUAL General"},"content":{"rendered":"<section class=\"l-section wpb_row height_medium\"><div class=\"l-section-h i-cf\"><div class=\"g-cols vc_row via_flex valign_top type_default stacking_default\"><div class=\"vc_col-sm-12 wpb_column vc_column_container\"><div class=\"vc_column-inner\"><div class=\"wpb_wrapper\"><div class=\"wpb_text_column\"><div class=\"wpb_wrapper\"><p><span style=\"font-weight: 400;\">La promoci\u00f3n 2025\/26 de 2\u00ba Curso del ciclo de\u00a0 Prevenci\u00f3n de Riesgos Profesionales ya ha comenzado en el periodo de pr\u00e1cticas de la formaci\u00f3n Dual General. La empresa, ante la necesidad de llevar a cabo la prevenci\u00f3n de riesgos laborales, tiene una labor de suma importancia y de gran responsabilidad para poder garantizar la seguridad y salud de los trabajadores\/as. As\u00ed, el alumnado de nuestro ciclo se ha embarcado en la realizaci\u00f3n\u00a0 de pr\u00e1cticas\u00a0 en empresas de diferentes tipos o sectores para ver el d\u00eda a d\u00eda de la prevenci\u00f3n de riesgos laborales: CAF, Viralgen, Michelin, Katea Legaia, Europreven, Vitaly, CH Group&#8230; Por otro lado, un a\u00f1o m\u00e1s otro alumno\u00a0 ha ido al programa erasmus, a una empresa de la Uni\u00f3n Europea (Italia), para ver c\u00f3mo se implanta la prevenci\u00f3n de riesgos laborales en un pa\u00eds diferente al nuestro.<\/span><\/p>\n<\/div><\/div><\/div><\/div><\/div><\/div><\/div><\/section>\n","protected":false},"excerpt":{"rendered":"La promoci\u00f3n 2025\/26 de 2\u00ba Curso del ciclo de\u00a0 Prevenci\u00f3n de Riesgos Profesionales ya ha comenzado en el periodo de pr\u00e1cticas de la formaci\u00f3n Dual General. La empresa, ante la necesidad de llevar a cabo la prevenci\u00f3n de riesgos laborales, tiene una labor de suma importancia y de gran responsabilidad para poder garantizar la seguridad...","protected":false},"author":4,"featured_media":11580,"comment_status":"closed","ping_status":"closed","sticky":false,"template":"","format":"standard","meta":{"_acf_changed":false,"footnotes":""},"categories":[68,1],"tags":[],"class_list":["post-11581","post","type-post","status-publish","format-standard","has-post-thumbnail","hentry","category-segurtasuna-eta-ingurumena","category-uncategorized-eu"],"acf":[],"yoast_head":"<!-- This site is optimized with the Yoast SEO plugin v27.3 - https:\/\/yoast.com\/product\/yoast-seo-wordpress\/ -->\n<title>La promoci\u00f3n 25\/26 del ciclo de prevenci\u00f3n de riesgos profesionales en la formaci\u00f3n DUAL General - Easo Politeknikoa<\/title>\n<meta name=\"robots\" content=\"index, follow, max-snippet:-1, max-image-preview:large, max-video-preview:-1\" \/>\n<link rel=\"canonical\" href=\"https:\/\/easo.eus\/es\/2026\/03\/13\/la-promocion-25-26-del-ciclo-de-prevencion-de-riesgos-profesionales-en-la-formacion-dual-general\/\" \/>\n<meta property=\"og:locale\" content=\"es_ES\" \/>\n<meta property=\"og:type\" content=\"article\" \/>\n<meta property=\"og:title\" content=\"La promoci\u00f3n 25\/26 del ciclo de prevenci\u00f3n de riesgos profesionales en la formaci\u00f3n DUAL General - Easo Politeknikoa\" \/>\n<meta property=\"og:url\" content=\"https:\/\/easo.eus\/es\/2026\/03\/13\/la-promocion-25-26-del-ciclo-de-prevencion-de-riesgos-profesionales-en-la-formacion-dual-general\/\" \/>\n<meta property=\"og:site_name\" content=\"Easo Politeknikoa\" \/>\n<meta property=\"article:publisher\" content=\"https:\/\/www.facebook.com\/people\/CIFP-EASO-Politeknikoa-LHII\/100069039060131\/\" \/>\n<meta property=\"article:published_time\" content=\"2026-03-13T07:00:39+00:00\" \/>\n<meta property=\"article:modified_time\" content=\"2026-03-13T07:01:51+00:00\" \/>\n<meta property=\"og:image\" content=\"https:\/\/easo.eus\/wp-content\/uploads\/2026\/03\/Erasmuseko-argazkia.jpg\" \/>\n\t<meta property=\"og:image:width\" content=\"1600\" \/>\n\t<meta property=\"og:image:height\" content=\"1200\" \/>\n\t<meta property=\"og:image:type\" content=\"image\/jpeg\" \/>\n<meta name=\"author\" content=\"webalbisteak\" \/>\n<meta name=\"twitter:card\" content=\"summary_large_image\" \/>\n<meta name=\"twitter:label1\" content=\"Escrito por\" \/>\n\t<meta name=\"twitter:data1\" content=\"webalbisteak\" \/>\n\t<meta name=\"twitter:label2\" content=\"Tiempo de lectura\" \/>\n\t<meta name=\"twitter:data2\" content=\"1 minuto\" \/>\n<script type=\"application\/ld+json\" class=\"yoast-schema-graph\">{\"@context\":\"https:\\\/\\\/schema.org\",\"@graph\":[{\"@type\":\"Article\",\"@id\":\"https:\\\/\\\/easo.eus\\\/es\\\/2026\\\/03\\\/13\\\/la-promocion-25-26-del-ciclo-de-prevencion-de-riesgos-profesionales-en-la-formacion-dual-general\\\/#article\",\"isPartOf\":{\"@id\":\"https:\\\/\\\/easo.eus\\\/es\\\/2026\\\/03\\\/13\\\/la-promocion-25-26-del-ciclo-de-prevencion-de-riesgos-profesionales-en-la-formacion-dual-general\\\/\"},\"author\":{\"name\":\"webalbisteak\",\"@id\":\"https:\\\/\\\/easo.eus\\\/es\\\/#\\\/schema\\\/person\\\/2dd5a9875859fea67f2d8108d2231ec5\"},\"headline\":\"La promoci\u00f3n 25\\\/26 del ciclo de prevenci\u00f3n de riesgos profesionales en la formaci\u00f3n DUAL General\",\"datePublished\":\"2026-03-13T07:00:39+00:00\",\"dateModified\":\"2026-03-13T07:01:51+00:00\",\"mainEntityOfPage\":{\"@id\":\"https:\\\/\\\/easo.eus\\\/es\\\/2026\\\/03\\\/13\\\/la-promocion-25-26-del-ciclo-de-prevencion-de-riesgos-profesionales-en-la-formacion-dual-general\\\/\"},\"wordCount\":185,\"publisher\":{\"@id\":\"https:\\\/\\\/easo.eus\\\/es\\\/#organization\"},\"image\":{\"@id\":\"https:\\\/\\\/easo.eus\\\/es\\\/2026\\\/03\\\/13\\\/la-promocion-25-26-del-ciclo-de-prevencion-de-riesgos-profesionales-en-la-formacion-dual-general\\\/#primaryimage\"},\"thumbnailUrl\":\"https:\\\/\\\/easo.eus\\\/wp-content\\\/uploads\\\/2026\\\/03\\\/Erasmuseko-argazkia.jpg\",\"articleSection\":[\"Segurtasuna eta ingurumena\",\"Uncategorized @eu\"],\"inLanguage\":\"es\"},{\"@type\":\"WebPage\",\"@id\":\"https:\\\/\\\/easo.eus\\\/es\\\/2026\\\/03\\\/13\\\/la-promocion-25-26-del-ciclo-de-prevencion-de-riesgos-profesionales-en-la-formacion-dual-general\\\/\",\"url\":\"https:\\\/\\\/easo.eus\\\/es\\\/2026\\\/03\\\/13\\\/la-promocion-25-26-del-ciclo-de-prevencion-de-riesgos-profesionales-en-la-formacion-dual-general\\\/\",\"name\":\"La promoci\u00f3n 25\\\/26 del ciclo de prevenci\u00f3n de riesgos profesionales en la formaci\u00f3n DUAL General - Easo Politeknikoa\",\"isPartOf\":{\"@id\":\"https:\\\/\\\/easo.eus\\\/es\\\/#website\"},\"primaryImageOfPage\":{\"@id\":\"https:\\\/\\\/easo.eus\\\/es\\\/2026\\\/03\\\/13\\\/la-promocion-25-26-del-ciclo-de-prevencion-de-riesgos-profesionales-en-la-formacion-dual-general\\\/#primaryimage\"},\"image\":{\"@id\":\"https:\\\/\\\/easo.eus\\\/es\\\/2026\\\/03\\\/13\\\/la-promocion-25-26-del-ciclo-de-prevencion-de-riesgos-profesionales-en-la-formacion-dual-general\\\/#primaryimage\"},\"thumbnailUrl\":\"https:\\\/\\\/easo.eus\\\/wp-content\\\/uploads\\\/2026\\\/03\\\/Erasmuseko-argazkia.jpg\",\"datePublished\":\"2026-03-13T07:00:39+00:00\",\"dateModified\":\"2026-03-13T07:01:51+00:00\",\"breadcrumb\":{\"@id\":\"https:\\\/\\\/easo.eus\\\/es\\\/2026\\\/03\\\/13\\\/la-promocion-25-26-del-ciclo-de-prevencion-de-riesgos-profesionales-en-la-formacion-dual-general\\\/#breadcrumb\"},\"inLanguage\":\"es\",\"potentialAction\":[{\"@type\":\"ReadAction\",\"target\":[\"https:\\\/\\\/easo.eus\\\/es\\\/2026\\\/03\\\/13\\\/la-promocion-25-26-del-ciclo-de-prevencion-de-riesgos-profesionales-en-la-formacion-dual-general\\\/\"]}]},{\"@type\":\"ImageObject\",\"inLanguage\":\"es\",\"@id\":\"https:\\\/\\\/easo.eus\\\/es\\\/2026\\\/03\\\/13\\\/la-promocion-25-26-del-ciclo-de-prevencion-de-riesgos-profesionales-en-la-formacion-dual-general\\\/#primaryimage\",\"url\":\"https:\\\/\\\/easo.eus\\\/wp-content\\\/uploads\\\/2026\\\/03\\\/Erasmuseko-argazkia.jpg\",\"contentUrl\":\"https:\\\/\\\/easo.eus\\\/wp-content\\\/uploads\\\/2026\\\/03\\\/Erasmuseko-argazkia.jpg\",\"width\":1600,\"height\":1200},{\"@type\":\"BreadcrumbList\",\"@id\":\"https:\\\/\\\/easo.eus\\\/es\\\/2026\\\/03\\\/13\\\/la-promocion-25-26-del-ciclo-de-prevencion-de-riesgos-profesionales-en-la-formacion-dual-general\\\/#breadcrumb\",\"itemListElement\":[{\"@type\":\"ListItem\",\"position\":1,\"name\":\"Home\",\"item\":\"https:\\\/\\\/easo.eus\\\/es\\\/hasiera\\\/\"},{\"@type\":\"ListItem\",\"position\":2,\"name\":\"La promoci\u00f3n 25\\\/26 del ciclo de prevenci\u00f3n de riesgos profesionales en la formaci\u00f3n DUAL General\"}]},{\"@type\":\"WebSite\",\"@id\":\"https:\\\/\\\/easo.eus\\\/es\\\/#website\",\"url\":\"https:\\\/\\\/easo.eus\\\/es\\\/\",\"name\":\"Easo Politeknikoa\",\"description\":\"\",\"publisher\":{\"@id\":\"https:\\\/\\\/easo.eus\\\/es\\\/#organization\"},\"potentialAction\":[{\"@type\":\"SearchAction\",\"target\":{\"@type\":\"EntryPoint\",\"urlTemplate\":\"https:\\\/\\\/easo.eus\\\/es\\\/?s={search_term_string}\"},\"query-input\":{\"@type\":\"PropertyValueSpecification\",\"valueRequired\":true,\"valueName\":\"search_term_string\"}}],\"inLanguage\":\"es\"},{\"@type\":\"Organization\",\"@id\":\"https:\\\/\\\/easo.eus\\\/es\\\/#organization\",\"name\":\"Easo Politeknikoa\",\"url\":\"https:\\\/\\\/easo.eus\\\/es\\\/\",\"logo\":{\"@type\":\"ImageObject\",\"inLanguage\":\"es\",\"@id\":\"https:\\\/\\\/easo.eus\\\/es\\\/#\\\/schema\\\/logo\\\/image\\\/\",\"url\":\"https:\\\/\\\/easo.eus\\\/wp-content\\\/uploads\\\/2025\\\/05\\\/layout_set_logo.png\",\"contentUrl\":\"https:\\\/\\\/easo.eus\\\/wp-content\\\/uploads\\\/2025\\\/05\\\/layout_set_logo.png\",\"width\":2033,\"height\":488,\"caption\":\"Easo Politeknikoa\"},\"image\":{\"@id\":\"https:\\\/\\\/easo.eus\\\/es\\\/#\\\/schema\\\/logo\\\/image\\\/\"},\"sameAs\":[\"https:\\\/\\\/www.facebook.com\\\/people\\\/CIFP-EASO-Politeknikoa-LHII\\\/100069039060131\\\/\",\"https:\\\/\\\/www.instagram.com\\\/easopolitek\\\/\"]},{\"@type\":\"Person\",\"@id\":\"https:\\\/\\\/easo.eus\\\/es\\\/#\\\/schema\\\/person\\\/2dd5a9875859fea67f2d8108d2231ec5\",\"name\":\"webalbisteak\",\"image\":{\"@type\":\"ImageObject\",\"inLanguage\":\"es\",\"@id\":\"https:\\\/\\\/secure.gravatar.com\\\/avatar\\\/ca0539c604df3abf918d7436f0ac58be543aa56b3c4f409a2894c50d1e630c5e?s=96&d=mm&r=g\",\"url\":\"https:\\\/\\\/secure.gravatar.com\\\/avatar\\\/ca0539c604df3abf918d7436f0ac58be543aa56b3c4f409a2894c50d1e630c5e?s=96&d=mm&r=g\",\"contentUrl\":\"https:\\\/\\\/secure.gravatar.com\\\/avatar\\\/ca0539c604df3abf918d7436f0ac58be543aa56b3c4f409a2894c50d1e630c5e?s=96&d=mm&r=g\",\"caption\":\"webalbisteak\"}}]}<\/script>\n<!-- \/ Yoast SEO plugin. -->","yoast_head_json":{"title":"La promoci\u00f3n 25\/26 del ciclo de prevenci\u00f3n de riesgos profesionales en la formaci\u00f3n DUAL General - Easo Politeknikoa","robots":{"index":"index","follow":"follow","max-snippet":"max-snippet:-1","max-image-preview":"max-image-preview:large","max-video-preview":"max-video-preview:-1"},"canonical":"https:\/\/easo.eus\/es\/2026\/03\/13\/la-promocion-25-26-del-ciclo-de-prevencion-de-riesgos-profesionales-en-la-formacion-dual-general\/","og_locale":"es_ES","og_type":"article","og_title":"La promoci\u00f3n 25\/26 del ciclo de prevenci\u00f3n de riesgos profesionales en la formaci\u00f3n DUAL General - Easo Politeknikoa","og_url":"https:\/\/easo.eus\/es\/2026\/03\/13\/la-promocion-25-26-del-ciclo-de-prevencion-de-riesgos-profesionales-en-la-formacion-dual-general\/","og_site_name":"Easo Politeknikoa","article_publisher":"https:\/\/www.facebook.com\/people\/CIFP-EASO-Politeknikoa-LHII\/100069039060131\/","article_published_time":"2026-03-13T07:00:39+00:00","article_modified_time":"2026-03-13T07:01:51+00:00","og_image":[{"width":1600,"height":1200,"url":"https:\/\/easo.eus\/wp-content\/uploads\/2026\/03\/Erasmuseko-argazkia.jpg","type":"image\/jpeg"}],"author":"webalbisteak","twitter_card":"summary_large_image","twitter_misc":{"Escrito por":"webalbisteak","Tiempo de lectura":"1 minuto"},"schema":{"@context":"https:\/\/schema.org","@graph":[{"@type":"Article","@id":"https:\/\/easo.eus\/es\/2026\/03\/13\/la-promocion-25-26-del-ciclo-de-prevencion-de-riesgos-profesionales-en-la-formacion-dual-general\/#article","isPartOf":{"@id":"https:\/\/easo.eus\/es\/2026\/03\/13\/la-promocion-25-26-del-ciclo-de-prevencion-de-riesgos-profesionales-en-la-formacion-dual-general\/"},"author":{"name":"webalbisteak","@id":"https:\/\/easo.eus\/es\/#\/schema\/person\/2dd5a9875859fea67f2d8108d2231ec5"},"headline":"La promoci\u00f3n 25\/26 del ciclo de prevenci\u00f3n de riesgos profesionales en la formaci\u00f3n DUAL General","datePublished":"2026-03-13T07:00:39+00:00","dateModified":"2026-03-13T07:01:51+00:00","mainEntityOfPage":{"@id":"https:\/\/easo.eus\/es\/2026\/03\/13\/la-promocion-25-26-del-ciclo-de-prevencion-de-riesgos-profesionales-en-la-formacion-dual-general\/"},"wordCount":185,"publisher":{"@id":"https:\/\/easo.eus\/es\/#organization"},"image":{"@id":"https:\/\/easo.eus\/es\/2026\/03\/13\/la-promocion-25-26-del-ciclo-de-prevencion-de-riesgos-profesionales-en-la-formacion-dual-general\/#primaryimage"},"thumbnailUrl":"https:\/\/easo.eus\/wp-content\/uploads\/2026\/03\/Erasmuseko-argazkia.jpg","articleSection":["Segurtasuna eta ingurumena","Uncategorized @eu"],"inLanguage":"es"},{"@type":"WebPage","@id":"https:\/\/easo.eus\/es\/2026\/03\/13\/la-promocion-25-26-del-ciclo-de-prevencion-de-riesgos-profesionales-en-la-formacion-dual-general\/","url":"https:\/\/easo.eus\/es\/2026\/03\/13\/la-promocion-25-26-del-ciclo-de-prevencion-de-riesgos-profesionales-en-la-formacion-dual-general\/","name":"La promoci\u00f3n 25\/26 del ciclo de prevenci\u00f3n de riesgos profesionales en la formaci\u00f3n DUAL General - Easo Politeknikoa","isPartOf":{"@id":"https:\/\/easo.eus\/es\/#website"},"primaryImageOfPage":{"@id":"https:\/\/easo.eus\/es\/2026\/03\/13\/la-promocion-25-26-del-ciclo-de-prevencion-de-riesgos-profesionales-en-la-formacion-dual-general\/#primaryimage"},"image":{"@id":"https:\/\/easo.eus\/es\/2026\/03\/13\/la-promocion-25-26-del-ciclo-de-prevencion-de-riesgos-profesionales-en-la-formacion-dual-general\/#primaryimage"},"thumbnailUrl":"https:\/\/easo.eus\/wp-content\/uploads\/2026\/03\/Erasmuseko-argazkia.jpg","datePublished":"2026-03-13T07:00:39+00:00","dateModified":"2026-03-13T07:01:51+00:00","breadcrumb":{"@id":"https:\/\/easo.eus\/es\/2026\/03\/13\/la-promocion-25-26-del-ciclo-de-prevencion-de-riesgos-profesionales-en-la-formacion-dual-general\/#breadcrumb"},"inLanguage":"es","potentialAction":[{"@type":"ReadAction","target":["https:\/\/easo.eus\/es\/2026\/03\/13\/la-promocion-25-26-del-ciclo-de-prevencion-de-riesgos-profesionales-en-la-formacion-dual-general\/"]}]},{"@type":"ImageObject","inLanguage":"es","@id":"https:\/\/easo.eus\/es\/2026\/03\/13\/la-promocion-25-26-del-ciclo-de-prevencion-de-riesgos-profesionales-en-la-formacion-dual-general\/#primaryimage","url":"https:\/\/easo.eus\/wp-content\/uploads\/2026\/03\/Erasmuseko-argazkia.jpg","contentUrl":"https:\/\/easo.eus\/wp-content\/uploads\/2026\/03\/Erasmuseko-argazkia.jpg","width":1600,"height":1200},{"@type":"BreadcrumbList","@id":"https:\/\/easo.eus\/es\/2026\/03\/13\/la-promocion-25-26-del-ciclo-de-prevencion-de-riesgos-profesionales-en-la-formacion-dual-general\/#breadcrumb","itemListElement":[{"@type":"ListItem","position":1,"name":"Home","item":"https:\/\/easo.eus\/es\/hasiera\/"},{"@type":"ListItem","position":2,"name":"La promoci\u00f3n 25\/26 del ciclo de prevenci\u00f3n de riesgos profesionales en la formaci\u00f3n DUAL General"}]},{"@type":"WebSite","@id":"https:\/\/easo.eus\/es\/#website","url":"https:\/\/easo.eus\/es\/","name":"Easo Politeknikoa","description":"","publisher":{"@id":"https:\/\/easo.eus\/es\/#organization"},"potentialAction":[{"@type":"SearchAction","target":{"@type":"EntryPoint","urlTemplate":"https:\/\/easo.eus\/es\/?s={search_term_string}"},"query-input":{"@type":"PropertyValueSpecification","valueRequired":true,"valueName":"search_term_string"}}],"inLanguage":"es"},{"@type":"Organization","@id":"https:\/\/easo.eus\/es\/#organization","name":"Easo Politeknikoa","url":"https:\/\/easo.eus\/es\/","logo":{"@type":"ImageObject","inLanguage":"es","@id":"https:\/\/easo.eus\/es\/#\/schema\/logo\/image\/","url":"https:\/\/easo.eus\/wp-content\/uploads\/2025\/05\/layout_set_logo.png","contentUrl":"https:\/\/easo.eus\/wp-content\/uploads\/2025\/05\/layout_set_logo.png","width":2033,"height":488,"caption":"Easo Politeknikoa"},"image":{"@id":"https:\/\/easo.eus\/es\/#\/schema\/logo\/image\/"},"sameAs":["https:\/\/www.facebook.com\/people\/CIFP-EASO-Politeknikoa-LHII\/100069039060131\/","https:\/\/www.instagram.com\/easopolitek\/"]},{"@type":"Person","@id":"https:\/\/easo.eus\/es\/#\/schema\/person\/2dd5a9875859fea67f2d8108d2231ec5","name":"webalbisteak","image":{"@type":"ImageObject","inLanguage":"es","@id":"https:\/\/secure.gravatar.com\/avatar\/ca0539c604df3abf918d7436f0ac58be543aa56b3c4f409a2894c50d1e630c5e?s=96&d=mm&r=g","url":"https:\/\/secure.gravatar.com\/avatar\/ca0539c604df3abf918d7436f0ac58be543aa56b3c4f409a2894c50d1e630c5e?s=96&d=mm&r=g","contentUrl":"https:\/\/secure.gravatar.com\/avatar\/ca0539c604df3abf918d7436f0ac58be543aa56b3c4f409a2894c50d1e630c5e?s=96&d=mm&r=g","caption":"webalbisteak"}}]}},"_links":{"self":[{"href":"https:\/\/easo.eus\/es\/wp-json\/wp\/v2\/posts\/11581","targetHints":{"allow":["GET"]}}],"collection":[{"href":"https:\/\/easo.eus\/es\/wp-json\/wp\/v2\/posts"}],"about":[{"href":"https:\/\/easo.eus\/es\/wp-json\/wp\/v2\/types\/post"}],"author":[{"embeddable":true,"href":"https:\/\/easo.eus\/es\/wp-json\/wp\/v2\/users\/4"}],"replies":[{"embeddable":true,"href":"https:\/\/easo.eus\/es\/wp-json\/wp\/v2\/comments?post=11581"}],"version-history":[{"count":1,"href":"https:\/\/easo.eus\/es\/wp-json\/wp\/v2\/posts\/11581\/revisions"}],"predecessor-version":[{"id":11582,"href":"https:\/\/easo.eus\/es\/wp-json\/wp\/v2\/posts\/11581\/revisions\/11582"}],"wp:featuredmedia":[{"embeddable":true,"href":"https:\/\/easo.eus\/es\/wp-json\/wp\/v2\/media\/11580"}],"wp:attachment":[{"href":"https:\/\/easo.eus\/es\/wp-json\/wp\/v2\/media?parent=11581"}],"wp:term":[{"taxonomy":"category","embeddable":true,"href":"https:\/\/easo.eus\/es\/wp-json\/wp\/v2\/categories?post=11581"},{"taxonomy":"post_tag","embeddable":true,"href":"https:\/\/easo.eus\/es\/wp-json\/wp\/v2\/tags?post=11581"}],"curies":[{"name":"wp","href":"https:\/\/api.w.org\/{rel}","templated":true}]}}