{"id":7576,"date":"2017-05-25T00:00:00","date_gmt":"2017-05-24T23:00:00","guid":{"rendered":"https:\/\/easo.eus\/2017\/05\/25\/electricidad-visita-el-parque-de-energias-renovables-de-aia-y-la-instalacion-hidraulica-de-arritxulo\/"},"modified":"2017-05-25T00:00:00","modified_gmt":"2017-05-24T23:00:00","slug":"electricidad-visita-el-parque-de-energias-renovables-de-aia-y-la-instalacion-hidraulica-de-arritxulo","status":"publish","type":"post","link":"https:\/\/easo.eus\/es\/2017\/05\/25\/electricidad-visita-el-parque-de-energias-renovables-de-aia-y-la-instalacion-hidraulica-de-arritxulo\/","title":{"rendered":"Electricidad visita el parque de energ\u00edas renovables de Aia y la instalaci\u00f3n hidr\u00e1ulica de Arritxulo"},"content":{"rendered":"<p>|  Los alumnos del ciclo Instalaciones El\u00e9ctricas y Autom\u00e1ticas de EASO Politeknikoa visitaron el parque de energ\u00edas renovables de Aia y la instalaci\u00f3n hidr\u00e1ulica de Arritxulo el pasado 16 de mayo. Comenzaron con la visita a las instalaciones del parque e\u00f3lico, fotovoltaico y geot\u00e9rmico de Iturraran en Aia para, posteriormente, atender a las explicaciones del responsable sobre la gesti\u00f3n de la energ\u00eda el\u00e9ctrica obtenida. Con el objetivo de ver diferentes sistemas de conversi\u00f3n de energ\u00eda mec\u00e1nica en energ\u00eda el\u00e9ctrica, se trasladaron en autob\u00fas al refugio Arritxulo de Oiartzun para visitar la instalaci\u00f3n el\u00e9ctrica. En dicho refugio, se examin\u00f3 la instalaci\u00f3n para la obtenci\u00f3n de energ\u00eda el\u00e9ctrica mediante generador arrastrado por turbina hidr\u00e1ulica. Para finalizar, se visit\u00f3 la instalaci\u00f3n fotovoltaica que funciona como alternativa energ\u00e9tica cuando el caudal de agua es escaso. Esta jornada no hubiese sido posible, sin la colaboraci\u00f3n de la empresa Ekain taldea que organiz\u00f3 y mont\u00f3 dichas instalaciones. Desde estas l\u00edneas, les queremos agradecer la colaboraci\u00f3n prestada.<\/p>\n<p>&#8212;|&#8212;<\/p>\n","protected":false},"excerpt":{"rendered":"<p>| Los alumnos del ciclo Instalaciones El\u00e9ctricas y Autom\u00e1ticas de EASO Politeknikoa visitaron el parque de energ\u00edas renovables de Aia y la instalaci\u00f3n hidr\u00e1ulica de Arritxulo el pasado 16 de mayo. Comenzaron con la visita a las instalaciones del parque e\u00f3lico, fotovoltaico y geot\u00e9rmico de Iturraran en Aia para, posteriormente, atender a las explicaciones del&#8230;<\/p>\n","protected":false},"author":0,"featured_media":5654,"comment_status":"closed","ping_status":"closed","sticky":false,"template":"","format":"standard","meta":{"_acf_changed":false,"footnotes":""},"categories":[1],"tags":[],"class_list":["post-7576","post","type-post","status-publish","format-standard","has-post-thumbnail","hentry","category-uncategorized-eu"],"acf":[],"yoast_head":"<!-- This site is optimized with the Yoast SEO plugin v27.3 - https:\/\/yoast.com\/product\/yoast-seo-wordpress\/ -->\n<title>Electricidad visita el parque de energ\u00edas renovables de Aia y la instalaci\u00f3n hidr\u00e1ulica de Arritxulo - Easo Politeknikoa<\/title>\n<meta name=\"robots\" content=\"index, follow, max-snippet:-1, max-image-preview:large, max-video-preview:-1\" \/>\n<link rel=\"canonical\" href=\"https:\/\/easo.eus\/es\/2017\/05\/25\/electricidad-visita-el-parque-de-energias-renovables-de-aia-y-la-instalacion-hidraulica-de-arritxulo\/\" \/>\n<meta property=\"og:locale\" content=\"es_ES\" \/>\n<meta property=\"og:type\" content=\"article\" \/>\n<meta property=\"og:title\" content=\"Electricidad visita el parque de energ\u00edas renovables de Aia y la instalaci\u00f3n hidr\u00e1ulica de Arritxulo - Easo Politeknikoa\" \/>\n<meta property=\"og:description\" content=\"| Los alumnos del ciclo Instalaciones El\u00e9ctricas y Autom\u00e1ticas de EASO Politeknikoa visitaron el parque de energ\u00edas renovables de Aia y la instalaci\u00f3n hidr\u00e1ulica de Arritxulo el pasado 16 de mayo. Comenzaron con la visita a las instalaciones del parque e\u00f3lico, fotovoltaico y geot\u00e9rmico de Iturraran en Aia para, posteriormente, atender a las explicaciones del...\" \/>\n<meta property=\"og:url\" content=\"https:\/\/easo.eus\/es\/2017\/05\/25\/electricidad-visita-el-parque-de-energias-renovables-de-aia-y-la-instalacion-hidraulica-de-arritxulo\/\" \/>\n<meta property=\"og:site_name\" content=\"Easo Politeknikoa\" \/>\n<meta property=\"article:publisher\" content=\"https:\/\/www.facebook.com\/people\/CIFP-EASO-Politeknikoa-LHII\/100069039060131\/\" \/>\n<meta property=\"article:published_time\" content=\"2017-05-24T23:00:00+00:00\" \/>\n<meta property=\"og:image\" content=\"https:\/\/easo.eus\/wp-content\/uploads\/2025\/05\/layout_set_logo.png\" \/>\n\t<meta property=\"og:image:width\" content=\"2033\" \/>\n\t<meta property=\"og:image:height\" content=\"488\" \/>\n\t<meta property=\"og:image:type\" content=\"image\/png\" \/>\n<meta name=\"twitter:card\" content=\"summary_large_image\" \/>\n<meta name=\"twitter:label1\" content=\"Tiempo de lectura\" \/>\n\t<meta name=\"twitter:data1\" content=\"1 minuto\" \/>\n<script type=\"application\/ld+json\" class=\"yoast-schema-graph\">{\"@context\":\"https:\\\/\\\/schema.org\",\"@graph\":[{\"@type\":\"Article\",\"@id\":\"https:\\\/\\\/easo.eus\\\/es\\\/2017\\\/05\\\/25\\\/electricidad-visita-el-parque-de-energias-renovables-de-aia-y-la-instalacion-hidraulica-de-arritxulo\\\/#article\",\"isPartOf\":{\"@id\":\"https:\\\/\\\/easo.eus\\\/es\\\/2017\\\/05\\\/25\\\/electricidad-visita-el-parque-de-energias-renovables-de-aia-y-la-instalacion-hidraulica-de-arritxulo\\\/\"},\"author\":{\"name\":\"\",\"@id\":\"\"},\"headline\":\"Electricidad visita el parque de energ\u00edas renovables de Aia y la instalaci\u00f3n hidr\u00e1ulica de Arritxulo\",\"datePublished\":\"2017-05-24T23:00:00+00:00\",\"mainEntityOfPage\":{\"@id\":\"https:\\\/\\\/easo.eus\\\/es\\\/2017\\\/05\\\/25\\\/electricidad-visita-el-parque-de-energias-renovables-de-aia-y-la-instalacion-hidraulica-de-arritxulo\\\/\"},\"wordCount\":206,\"publisher\":{\"@id\":\"https:\\\/\\\/easo.eus\\\/es\\\/#organization\"},\"image\":{\"@id\":\"https:\\\/\\\/easo.eus\\\/es\\\/2017\\\/05\\\/25\\\/electricidad-visita-el-parque-de-energias-renovables-de-aia-y-la-instalacion-hidraulica-de-arritxulo\\\/#primaryimage\"},\"thumbnailUrl\":\"https:\\\/\\\/easo.eus\\\/wp-content\\\/uploads\\\/2017\\\/05\\\/5653.jpg\",\"articleSection\":[\"Uncategorized @eu\"],\"inLanguage\":\"es\"},{\"@type\":\"WebPage\",\"@id\":\"https:\\\/\\\/easo.eus\\\/es\\\/2017\\\/05\\\/25\\\/electricidad-visita-el-parque-de-energias-renovables-de-aia-y-la-instalacion-hidraulica-de-arritxulo\\\/\",\"url\":\"https:\\\/\\\/easo.eus\\\/es\\\/2017\\\/05\\\/25\\\/electricidad-visita-el-parque-de-energias-renovables-de-aia-y-la-instalacion-hidraulica-de-arritxulo\\\/\",\"name\":\"Electricidad visita el parque de energ\u00edas renovables de Aia y la instalaci\u00f3n hidr\u00e1ulica de Arritxulo - Easo Politeknikoa\",\"isPartOf\":{\"@id\":\"https:\\\/\\\/easo.eus\\\/es\\\/#website\"},\"primaryImageOfPage\":{\"@id\":\"https:\\\/\\\/easo.eus\\\/es\\\/2017\\\/05\\\/25\\\/electricidad-visita-el-parque-de-energias-renovables-de-aia-y-la-instalacion-hidraulica-de-arritxulo\\\/#primaryimage\"},\"image\":{\"@id\":\"https:\\\/\\\/easo.eus\\\/es\\\/2017\\\/05\\\/25\\\/electricidad-visita-el-parque-de-energias-renovables-de-aia-y-la-instalacion-hidraulica-de-arritxulo\\\/#primaryimage\"},\"thumbnailUrl\":\"https:\\\/\\\/easo.eus\\\/wp-content\\\/uploads\\\/2017\\\/05\\\/5653.jpg\",\"datePublished\":\"2017-05-24T23:00:00+00:00\",\"breadcrumb\":{\"@id\":\"https:\\\/\\\/easo.eus\\\/es\\\/2017\\\/05\\\/25\\\/electricidad-visita-el-parque-de-energias-renovables-de-aia-y-la-instalacion-hidraulica-de-arritxulo\\\/#breadcrumb\"},\"inLanguage\":\"es\",\"potentialAction\":[{\"@type\":\"ReadAction\",\"target\":[\"https:\\\/\\\/easo.eus\\\/es\\\/2017\\\/05\\\/25\\\/electricidad-visita-el-parque-de-energias-renovables-de-aia-y-la-instalacion-hidraulica-de-arritxulo\\\/\"]}]},{\"@type\":\"ImageObject\",\"inLanguage\":\"es\",\"@id\":\"https:\\\/\\\/easo.eus\\\/es\\\/2017\\\/05\\\/25\\\/electricidad-visita-el-parque-de-energias-renovables-de-aia-y-la-instalacion-hidraulica-de-arritxulo\\\/#primaryimage\",\"url\":\"https:\\\/\\\/easo.eus\\\/wp-content\\\/uploads\\\/2017\\\/05\\\/5653.jpg\",\"contentUrl\":\"https:\\\/\\\/easo.eus\\\/wp-content\\\/uploads\\\/2017\\\/05\\\/5653.jpg\",\"width\":400,\"height\":318},{\"@type\":\"BreadcrumbList\",\"@id\":\"https:\\\/\\\/easo.eus\\\/es\\\/2017\\\/05\\\/25\\\/electricidad-visita-el-parque-de-energias-renovables-de-aia-y-la-instalacion-hidraulica-de-arritxulo\\\/#breadcrumb\",\"itemListElement\":[{\"@type\":\"ListItem\",\"position\":1,\"name\":\"Home\",\"item\":\"https:\\\/\\\/easo.eus\\\/es\\\/hasiera\\\/\"},{\"@type\":\"ListItem\",\"position\":2,\"name\":\"Electricidad visita el parque de energ\u00edas renovables de Aia y la instalaci\u00f3n hidr\u00e1ulica de Arritxulo\"}]},{\"@type\":\"WebSite\",\"@id\":\"https:\\\/\\\/easo.eus\\\/es\\\/#website\",\"url\":\"https:\\\/\\\/easo.eus\\\/es\\\/\",\"name\":\"Easo Politeknikoa\",\"description\":\"\",\"publisher\":{\"@id\":\"https:\\\/\\\/easo.eus\\\/es\\\/#organization\"},\"potentialAction\":[{\"@type\":\"SearchAction\",\"target\":{\"@type\":\"EntryPoint\",\"urlTemplate\":\"https:\\\/\\\/easo.eus\\\/es\\\/?s={search_term_string}\"},\"query-input\":{\"@type\":\"PropertyValueSpecification\",\"valueRequired\":true,\"valueName\":\"search_term_string\"}}],\"inLanguage\":\"es\"},{\"@type\":\"Organization\",\"@id\":\"https:\\\/\\\/easo.eus\\\/es\\\/#organization\",\"name\":\"Easo Politeknikoa\",\"url\":\"https:\\\/\\\/easo.eus\\\/es\\\/\",\"logo\":{\"@type\":\"ImageObject\",\"inLanguage\":\"es\",\"@id\":\"https:\\\/\\\/easo.eus\\\/es\\\/#\\\/schema\\\/logo\\\/image\\\/\",\"url\":\"https:\\\/\\\/easo.eus\\\/wp-content\\\/uploads\\\/2025\\\/05\\\/layout_set_logo.png\",\"contentUrl\":\"https:\\\/\\\/easo.eus\\\/wp-content\\\/uploads\\\/2025\\\/05\\\/layout_set_logo.png\",\"width\":2033,\"height\":488,\"caption\":\"Easo Politeknikoa\"},\"image\":{\"@id\":\"https:\\\/\\\/easo.eus\\\/es\\\/#\\\/schema\\\/logo\\\/image\\\/\"},\"sameAs\":[\"https:\\\/\\\/www.facebook.com\\\/people\\\/CIFP-EASO-Politeknikoa-LHII\\\/100069039060131\\\/\",\"https:\\\/\\\/www.instagram.com\\\/easopolitek\\\/\"]}]}<\/script>\n<!-- \/ Yoast SEO plugin. -->","yoast_head_json":{"title":"Electricidad visita el parque de energ\u00edas renovables de Aia y la instalaci\u00f3n hidr\u00e1ulica de Arritxulo - Easo Politeknikoa","robots":{"index":"index","follow":"follow","max-snippet":"max-snippet:-1","max-image-preview":"max-image-preview:large","max-video-preview":"max-video-preview:-1"},"canonical":"https:\/\/easo.eus\/es\/2017\/05\/25\/electricidad-visita-el-parque-de-energias-renovables-de-aia-y-la-instalacion-hidraulica-de-arritxulo\/","og_locale":"es_ES","og_type":"article","og_title":"Electricidad visita el parque de energ\u00edas renovables de Aia y la instalaci\u00f3n hidr\u00e1ulica de Arritxulo - Easo Politeknikoa","og_description":"| Los alumnos del ciclo Instalaciones El\u00e9ctricas y Autom\u00e1ticas de EASO Politeknikoa visitaron el parque de energ\u00edas renovables de Aia y la instalaci\u00f3n hidr\u00e1ulica de Arritxulo el pasado 16 de mayo. Comenzaron con la visita a las instalaciones del parque e\u00f3lico, fotovoltaico y geot\u00e9rmico de Iturraran en Aia para, posteriormente, atender a las explicaciones del...","og_url":"https:\/\/easo.eus\/es\/2017\/05\/25\/electricidad-visita-el-parque-de-energias-renovables-de-aia-y-la-instalacion-hidraulica-de-arritxulo\/","og_site_name":"Easo Politeknikoa","article_publisher":"https:\/\/www.facebook.com\/people\/CIFP-EASO-Politeknikoa-LHII\/100069039060131\/","article_published_time":"2017-05-24T23:00:00+00:00","og_image":[{"width":2033,"height":488,"url":"https:\/\/easo.eus\/wp-content\/uploads\/2025\/05\/layout_set_logo.png","type":"image\/png"}],"twitter_card":"summary_large_image","twitter_misc":{"Tiempo de lectura":"1 minuto"},"schema":{"@context":"https:\/\/schema.org","@graph":[{"@type":"Article","@id":"https:\/\/easo.eus\/es\/2017\/05\/25\/electricidad-visita-el-parque-de-energias-renovables-de-aia-y-la-instalacion-hidraulica-de-arritxulo\/#article","isPartOf":{"@id":"https:\/\/easo.eus\/es\/2017\/05\/25\/electricidad-visita-el-parque-de-energias-renovables-de-aia-y-la-instalacion-hidraulica-de-arritxulo\/"},"author":{"name":"","@id":""},"headline":"Electricidad visita el parque de energ\u00edas renovables de Aia y la instalaci\u00f3n hidr\u00e1ulica de Arritxulo","datePublished":"2017-05-24T23:00:00+00:00","mainEntityOfPage":{"@id":"https:\/\/easo.eus\/es\/2017\/05\/25\/electricidad-visita-el-parque-de-energias-renovables-de-aia-y-la-instalacion-hidraulica-de-arritxulo\/"},"wordCount":206,"publisher":{"@id":"https:\/\/easo.eus\/es\/#organization"},"image":{"@id":"https:\/\/easo.eus\/es\/2017\/05\/25\/electricidad-visita-el-parque-de-energias-renovables-de-aia-y-la-instalacion-hidraulica-de-arritxulo\/#primaryimage"},"thumbnailUrl":"https:\/\/easo.eus\/wp-content\/uploads\/2017\/05\/5653.jpg","articleSection":["Uncategorized @eu"],"inLanguage":"es"},{"@type":"WebPage","@id":"https:\/\/easo.eus\/es\/2017\/05\/25\/electricidad-visita-el-parque-de-energias-renovables-de-aia-y-la-instalacion-hidraulica-de-arritxulo\/","url":"https:\/\/easo.eus\/es\/2017\/05\/25\/electricidad-visita-el-parque-de-energias-renovables-de-aia-y-la-instalacion-hidraulica-de-arritxulo\/","name":"Electricidad visita el parque de energ\u00edas renovables de Aia y la instalaci\u00f3n hidr\u00e1ulica de Arritxulo - Easo Politeknikoa","isPartOf":{"@id":"https:\/\/easo.eus\/es\/#website"},"primaryImageOfPage":{"@id":"https:\/\/easo.eus\/es\/2017\/05\/25\/electricidad-visita-el-parque-de-energias-renovables-de-aia-y-la-instalacion-hidraulica-de-arritxulo\/#primaryimage"},"image":{"@id":"https:\/\/easo.eus\/es\/2017\/05\/25\/electricidad-visita-el-parque-de-energias-renovables-de-aia-y-la-instalacion-hidraulica-de-arritxulo\/#primaryimage"},"thumbnailUrl":"https:\/\/easo.eus\/wp-content\/uploads\/2017\/05\/5653.jpg","datePublished":"2017-05-24T23:00:00+00:00","breadcrumb":{"@id":"https:\/\/easo.eus\/es\/2017\/05\/25\/electricidad-visita-el-parque-de-energias-renovables-de-aia-y-la-instalacion-hidraulica-de-arritxulo\/#breadcrumb"},"inLanguage":"es","potentialAction":[{"@type":"ReadAction","target":["https:\/\/easo.eus\/es\/2017\/05\/25\/electricidad-visita-el-parque-de-energias-renovables-de-aia-y-la-instalacion-hidraulica-de-arritxulo\/"]}]},{"@type":"ImageObject","inLanguage":"es","@id":"https:\/\/easo.eus\/es\/2017\/05\/25\/electricidad-visita-el-parque-de-energias-renovables-de-aia-y-la-instalacion-hidraulica-de-arritxulo\/#primaryimage","url":"https:\/\/easo.eus\/wp-content\/uploads\/2017\/05\/5653.jpg","contentUrl":"https:\/\/easo.eus\/wp-content\/uploads\/2017\/05\/5653.jpg","width":400,"height":318},{"@type":"BreadcrumbList","@id":"https:\/\/easo.eus\/es\/2017\/05\/25\/electricidad-visita-el-parque-de-energias-renovables-de-aia-y-la-instalacion-hidraulica-de-arritxulo\/#breadcrumb","itemListElement":[{"@type":"ListItem","position":1,"name":"Home","item":"https:\/\/easo.eus\/es\/hasiera\/"},{"@type":"ListItem","position":2,"name":"Electricidad visita el parque de energ\u00edas renovables de Aia y la instalaci\u00f3n hidr\u00e1ulica de Arritxulo"}]},{"@type":"WebSite","@id":"https:\/\/easo.eus\/es\/#website","url":"https:\/\/easo.eus\/es\/","name":"Easo Politeknikoa","description":"","publisher":{"@id":"https:\/\/easo.eus\/es\/#organization"},"potentialAction":[{"@type":"SearchAction","target":{"@type":"EntryPoint","urlTemplate":"https:\/\/easo.eus\/es\/?s={search_term_string}"},"query-input":{"@type":"PropertyValueSpecification","valueRequired":true,"valueName":"search_term_string"}}],"inLanguage":"es"},{"@type":"Organization","@id":"https:\/\/easo.eus\/es\/#organization","name":"Easo Politeknikoa","url":"https:\/\/easo.eus\/es\/","logo":{"@type":"ImageObject","inLanguage":"es","@id":"https:\/\/easo.eus\/es\/#\/schema\/logo\/image\/","url":"https:\/\/easo.eus\/wp-content\/uploads\/2025\/05\/layout_set_logo.png","contentUrl":"https:\/\/easo.eus\/wp-content\/uploads\/2025\/05\/layout_set_logo.png","width":2033,"height":488,"caption":"Easo Politeknikoa"},"image":{"@id":"https:\/\/easo.eus\/es\/#\/schema\/logo\/image\/"},"sameAs":["https:\/\/www.facebook.com\/people\/CIFP-EASO-Politeknikoa-LHII\/100069039060131\/","https:\/\/www.instagram.com\/easopolitek\/"]}]}},"_links":{"self":[{"href":"https:\/\/easo.eus\/es\/wp-json\/wp\/v2\/posts\/7576","targetHints":{"allow":["GET"]}}],"collection":[{"href":"https:\/\/easo.eus\/es\/wp-json\/wp\/v2\/posts"}],"about":[{"href":"https:\/\/easo.eus\/es\/wp-json\/wp\/v2\/types\/post"}],"replies":[{"embeddable":true,"href":"https:\/\/easo.eus\/es\/wp-json\/wp\/v2\/comments?post=7576"}],"version-history":[{"count":0,"href":"https:\/\/easo.eus\/es\/wp-json\/wp\/v2\/posts\/7576\/revisions"}],"wp:featuredmedia":[{"embeddable":true,"href":"https:\/\/easo.eus\/es\/wp-json\/wp\/v2\/media\/5654"}],"wp:attachment":[{"href":"https:\/\/easo.eus\/es\/wp-json\/wp\/v2\/media?parent=7576"}],"wp:term":[{"taxonomy":"category","embeddable":true,"href":"https:\/\/easo.eus\/es\/wp-json\/wp\/v2\/categories?post=7576"},{"taxonomy":"post_tag","embeddable":true,"href":"https:\/\/easo.eus\/es\/wp-json\/wp\/v2\/tags?post=7576"}],"curies":[{"name":"wp","href":"https:\/\/api.w.org\/{rel}","templated":true}]}}