{"id":7582,"date":"2017-07-17T00:00:00","date_gmt":"2017-07-16T23:00:00","guid":{"rendered":"https:\/\/easo.eus\/2017\/07\/17\/exalumna-de-easo-politeknikoa-en-el-museo-balenciaga\/"},"modified":"2017-07-17T00:00:00","modified_gmt":"2017-07-16T23:00:00","slug":"exalumna-de-easo-politeknikoa-en-el-museo-balenciaga","status":"publish","type":"post","link":"https:\/\/easo.eus\/es\/2017\/07\/17\/exalumna-de-easo-politeknikoa-en-el-museo-balenciaga\/","title":{"rendered":"Exalumna de EASO Politeknikoa en el Museo Balenciaga"},"content":{"rendered":"<p>|  Idoia Lizeaga, que durante tres a\u00f1os ha sido alumna en EASO Politeknikoa en el grado superior en Joyer\u00eda Art\u00edstica, ha conseguido la gran oportunidad de ser invitada para exponer su colecci\u00f3n de joyer\u00eda en el Museo Balenciaga de Getaria. Ha sido una de las dise\u00f1adoras elegidas para exponer su colecci\u00f3n en el Museo Balenciaga de Getaria junto a firmas tan conocidas como Isabel Zapardiez. Felicidades Idoia.<\/p>\n<p>&#8212;|&#8212;<\/p>\n","protected":false},"excerpt":{"rendered":"<p>| Idoia Lizeaga, que durante tres a\u00f1os ha sido alumna en EASO Politeknikoa en el grado superior en Joyer\u00eda Art\u00edstica, ha conseguido la gran oportunidad de ser invitada para exponer su colecci\u00f3n de joyer\u00eda en el Museo Balenciaga de Getaria. Ha sido una de las dise\u00f1adoras elegidas para exponer su colecci\u00f3n en el Museo Balenciaga&#8230;<\/p>\n","protected":false},"author":0,"featured_media":5660,"comment_status":"closed","ping_status":"closed","sticky":false,"template":"","format":"standard","meta":{"_acf_changed":false,"footnotes":""},"categories":[1],"tags":[],"class_list":["post-7582","post","type-post","status-publish","format-standard","has-post-thumbnail","hentry","category-uncategorized-eu"],"acf":[],"yoast_head":"<!-- This site is optimized with the Yoast SEO plugin v27.3 - https:\/\/yoast.com\/product\/yoast-seo-wordpress\/ -->\n<title>Exalumna de EASO Politeknikoa en el Museo Balenciaga - Easo Politeknikoa<\/title>\n<meta name=\"robots\" content=\"index, follow, max-snippet:-1, max-image-preview:large, max-video-preview:-1\" \/>\n<link rel=\"canonical\" href=\"https:\/\/easo.eus\/es\/2017\/07\/17\/exalumna-de-easo-politeknikoa-en-el-museo-balenciaga\/\" \/>\n<meta property=\"og:locale\" content=\"es_ES\" \/>\n<meta property=\"og:type\" content=\"article\" \/>\n<meta property=\"og:title\" content=\"Exalumna de EASO Politeknikoa en el Museo Balenciaga - Easo Politeknikoa\" \/>\n<meta property=\"og:description\" content=\"| Idoia Lizeaga, que durante tres a\u00f1os ha sido alumna en EASO Politeknikoa en el grado superior en Joyer\u00eda Art\u00edstica, ha conseguido la gran oportunidad de ser invitada para exponer su colecci\u00f3n de joyer\u00eda en el Museo Balenciaga de Getaria. Ha sido una de las dise\u00f1adoras elegidas para exponer su colecci\u00f3n en el Museo Balenciaga...\" \/>\n<meta property=\"og:url\" content=\"https:\/\/easo.eus\/es\/2017\/07\/17\/exalumna-de-easo-politeknikoa-en-el-museo-balenciaga\/\" \/>\n<meta property=\"og:site_name\" content=\"Easo Politeknikoa\" \/>\n<meta property=\"article:publisher\" content=\"https:\/\/www.facebook.com\/people\/CIFP-EASO-Politeknikoa-LHII\/100069039060131\/\" \/>\n<meta property=\"article:published_time\" content=\"2017-07-16T23:00:00+00:00\" \/>\n<meta property=\"og:image\" content=\"https:\/\/easo.eus\/wp-content\/uploads\/2025\/05\/layout_set_logo.png\" \/>\n\t<meta property=\"og:image:width\" content=\"2033\" \/>\n\t<meta property=\"og:image:height\" content=\"488\" \/>\n\t<meta property=\"og:image:type\" content=\"image\/png\" \/>\n<meta name=\"twitter:card\" content=\"summary_large_image\" \/>\n<script type=\"application\/ld+json\" class=\"yoast-schema-graph\">{\"@context\":\"https:\\\/\\\/schema.org\",\"@graph\":[{\"@type\":\"Article\",\"@id\":\"https:\\\/\\\/easo.eus\\\/es\\\/2017\\\/07\\\/17\\\/exalumna-de-easo-politeknikoa-en-el-museo-balenciaga\\\/#article\",\"isPartOf\":{\"@id\":\"https:\\\/\\\/easo.eus\\\/es\\\/2017\\\/07\\\/17\\\/exalumna-de-easo-politeknikoa-en-el-museo-balenciaga\\\/\"},\"author\":{\"name\":\"\",\"@id\":\"\"},\"headline\":\"Exalumna de EASO Politeknikoa en el Museo Balenciaga\",\"datePublished\":\"2017-07-16T23:00:00+00:00\",\"mainEntityOfPage\":{\"@id\":\"https:\\\/\\\/easo.eus\\\/es\\\/2017\\\/07\\\/17\\\/exalumna-de-easo-politeknikoa-en-el-museo-balenciaga\\\/\"},\"wordCount\":83,\"publisher\":{\"@id\":\"https:\\\/\\\/easo.eus\\\/es\\\/#organization\"},\"image\":{\"@id\":\"https:\\\/\\\/easo.eus\\\/es\\\/2017\\\/07\\\/17\\\/exalumna-de-easo-politeknikoa-en-el-museo-balenciaga\\\/#primaryimage\"},\"thumbnailUrl\":\"https:\\\/\\\/easo.eus\\\/wp-content\\\/uploads\\\/2017\\\/07\\\/5659.jpg\",\"articleSection\":[\"Uncategorized @eu\"],\"inLanguage\":\"es\"},{\"@type\":\"WebPage\",\"@id\":\"https:\\\/\\\/easo.eus\\\/es\\\/2017\\\/07\\\/17\\\/exalumna-de-easo-politeknikoa-en-el-museo-balenciaga\\\/\",\"url\":\"https:\\\/\\\/easo.eus\\\/es\\\/2017\\\/07\\\/17\\\/exalumna-de-easo-politeknikoa-en-el-museo-balenciaga\\\/\",\"name\":\"Exalumna de EASO Politeknikoa en el Museo Balenciaga - Easo Politeknikoa\",\"isPartOf\":{\"@id\":\"https:\\\/\\\/easo.eus\\\/es\\\/#website\"},\"primaryImageOfPage\":{\"@id\":\"https:\\\/\\\/easo.eus\\\/es\\\/2017\\\/07\\\/17\\\/exalumna-de-easo-politeknikoa-en-el-museo-balenciaga\\\/#primaryimage\"},\"image\":{\"@id\":\"https:\\\/\\\/easo.eus\\\/es\\\/2017\\\/07\\\/17\\\/exalumna-de-easo-politeknikoa-en-el-museo-balenciaga\\\/#primaryimage\"},\"thumbnailUrl\":\"https:\\\/\\\/easo.eus\\\/wp-content\\\/uploads\\\/2017\\\/07\\\/5659.jpg\",\"datePublished\":\"2017-07-16T23:00:00+00:00\",\"breadcrumb\":{\"@id\":\"https:\\\/\\\/easo.eus\\\/es\\\/2017\\\/07\\\/17\\\/exalumna-de-easo-politeknikoa-en-el-museo-balenciaga\\\/#breadcrumb\"},\"inLanguage\":\"es\",\"potentialAction\":[{\"@type\":\"ReadAction\",\"target\":[\"https:\\\/\\\/easo.eus\\\/es\\\/2017\\\/07\\\/17\\\/exalumna-de-easo-politeknikoa-en-el-museo-balenciaga\\\/\"]}]},{\"@type\":\"ImageObject\",\"inLanguage\":\"es\",\"@id\":\"https:\\\/\\\/easo.eus\\\/es\\\/2017\\\/07\\\/17\\\/exalumna-de-easo-politeknikoa-en-el-museo-balenciaga\\\/#primaryimage\",\"url\":\"https:\\\/\\\/easo.eus\\\/wp-content\\\/uploads\\\/2017\\\/07\\\/5659.jpg\",\"contentUrl\":\"https:\\\/\\\/easo.eus\\\/wp-content\\\/uploads\\\/2017\\\/07\\\/5659.jpg\",\"width\":567,\"height\":318},{\"@type\":\"BreadcrumbList\",\"@id\":\"https:\\\/\\\/easo.eus\\\/es\\\/2017\\\/07\\\/17\\\/exalumna-de-easo-politeknikoa-en-el-museo-balenciaga\\\/#breadcrumb\",\"itemListElement\":[{\"@type\":\"ListItem\",\"position\":1,\"name\":\"Home\",\"item\":\"https:\\\/\\\/easo.eus\\\/es\\\/hasiera\\\/\"},{\"@type\":\"ListItem\",\"position\":2,\"name\":\"Exalumna de EASO Politeknikoa en el Museo Balenciaga\"}]},{\"@type\":\"WebSite\",\"@id\":\"https:\\\/\\\/easo.eus\\\/es\\\/#website\",\"url\":\"https:\\\/\\\/easo.eus\\\/es\\\/\",\"name\":\"Easo Politeknikoa\",\"description\":\"\",\"publisher\":{\"@id\":\"https:\\\/\\\/easo.eus\\\/es\\\/#organization\"},\"potentialAction\":[{\"@type\":\"SearchAction\",\"target\":{\"@type\":\"EntryPoint\",\"urlTemplate\":\"https:\\\/\\\/easo.eus\\\/es\\\/?s={search_term_string}\"},\"query-input\":{\"@type\":\"PropertyValueSpecification\",\"valueRequired\":true,\"valueName\":\"search_term_string\"}}],\"inLanguage\":\"es\"},{\"@type\":\"Organization\",\"@id\":\"https:\\\/\\\/easo.eus\\\/es\\\/#organization\",\"name\":\"Easo Politeknikoa\",\"url\":\"https:\\\/\\\/easo.eus\\\/es\\\/\",\"logo\":{\"@type\":\"ImageObject\",\"inLanguage\":\"es\",\"@id\":\"https:\\\/\\\/easo.eus\\\/es\\\/#\\\/schema\\\/logo\\\/image\\\/\",\"url\":\"https:\\\/\\\/easo.eus\\\/wp-content\\\/uploads\\\/2025\\\/05\\\/layout_set_logo.png\",\"contentUrl\":\"https:\\\/\\\/easo.eus\\\/wp-content\\\/uploads\\\/2025\\\/05\\\/layout_set_logo.png\",\"width\":2033,\"height\":488,\"caption\":\"Easo Politeknikoa\"},\"image\":{\"@id\":\"https:\\\/\\\/easo.eus\\\/es\\\/#\\\/schema\\\/logo\\\/image\\\/\"},\"sameAs\":[\"https:\\\/\\\/www.facebook.com\\\/people\\\/CIFP-EASO-Politeknikoa-LHII\\\/100069039060131\\\/\",\"https:\\\/\\\/www.instagram.com\\\/easopolitek\\\/\"]}]}<\/script>\n<!-- \/ Yoast SEO plugin. -->","yoast_head_json":{"title":"Exalumna de EASO Politeknikoa en el Museo Balenciaga - Easo Politeknikoa","robots":{"index":"index","follow":"follow","max-snippet":"max-snippet:-1","max-image-preview":"max-image-preview:large","max-video-preview":"max-video-preview:-1"},"canonical":"https:\/\/easo.eus\/es\/2017\/07\/17\/exalumna-de-easo-politeknikoa-en-el-museo-balenciaga\/","og_locale":"es_ES","og_type":"article","og_title":"Exalumna de EASO Politeknikoa en el Museo Balenciaga - Easo Politeknikoa","og_description":"| Idoia Lizeaga, que durante tres a\u00f1os ha sido alumna en EASO Politeknikoa en el grado superior en Joyer\u00eda Art\u00edstica, ha conseguido la gran oportunidad de ser invitada para exponer su colecci\u00f3n de joyer\u00eda en el Museo Balenciaga de Getaria. Ha sido una de las dise\u00f1adoras elegidas para exponer su colecci\u00f3n en el Museo Balenciaga...","og_url":"https:\/\/easo.eus\/es\/2017\/07\/17\/exalumna-de-easo-politeknikoa-en-el-museo-balenciaga\/","og_site_name":"Easo Politeknikoa","article_publisher":"https:\/\/www.facebook.com\/people\/CIFP-EASO-Politeknikoa-LHII\/100069039060131\/","article_published_time":"2017-07-16T23:00:00+00:00","og_image":[{"width":2033,"height":488,"url":"https:\/\/easo.eus\/wp-content\/uploads\/2025\/05\/layout_set_logo.png","type":"image\/png"}],"twitter_card":"summary_large_image","schema":{"@context":"https:\/\/schema.org","@graph":[{"@type":"Article","@id":"https:\/\/easo.eus\/es\/2017\/07\/17\/exalumna-de-easo-politeknikoa-en-el-museo-balenciaga\/#article","isPartOf":{"@id":"https:\/\/easo.eus\/es\/2017\/07\/17\/exalumna-de-easo-politeknikoa-en-el-museo-balenciaga\/"},"author":{"name":"","@id":""},"headline":"Exalumna de EASO Politeknikoa en el Museo Balenciaga","datePublished":"2017-07-16T23:00:00+00:00","mainEntityOfPage":{"@id":"https:\/\/easo.eus\/es\/2017\/07\/17\/exalumna-de-easo-politeknikoa-en-el-museo-balenciaga\/"},"wordCount":83,"publisher":{"@id":"https:\/\/easo.eus\/es\/#organization"},"image":{"@id":"https:\/\/easo.eus\/es\/2017\/07\/17\/exalumna-de-easo-politeknikoa-en-el-museo-balenciaga\/#primaryimage"},"thumbnailUrl":"https:\/\/easo.eus\/wp-content\/uploads\/2017\/07\/5659.jpg","articleSection":["Uncategorized @eu"],"inLanguage":"es"},{"@type":"WebPage","@id":"https:\/\/easo.eus\/es\/2017\/07\/17\/exalumna-de-easo-politeknikoa-en-el-museo-balenciaga\/","url":"https:\/\/easo.eus\/es\/2017\/07\/17\/exalumna-de-easo-politeknikoa-en-el-museo-balenciaga\/","name":"Exalumna de EASO Politeknikoa en el Museo Balenciaga - Easo Politeknikoa","isPartOf":{"@id":"https:\/\/easo.eus\/es\/#website"},"primaryImageOfPage":{"@id":"https:\/\/easo.eus\/es\/2017\/07\/17\/exalumna-de-easo-politeknikoa-en-el-museo-balenciaga\/#primaryimage"},"image":{"@id":"https:\/\/easo.eus\/es\/2017\/07\/17\/exalumna-de-easo-politeknikoa-en-el-museo-balenciaga\/#primaryimage"},"thumbnailUrl":"https:\/\/easo.eus\/wp-content\/uploads\/2017\/07\/5659.jpg","datePublished":"2017-07-16T23:00:00+00:00","breadcrumb":{"@id":"https:\/\/easo.eus\/es\/2017\/07\/17\/exalumna-de-easo-politeknikoa-en-el-museo-balenciaga\/#breadcrumb"},"inLanguage":"es","potentialAction":[{"@type":"ReadAction","target":["https:\/\/easo.eus\/es\/2017\/07\/17\/exalumna-de-easo-politeknikoa-en-el-museo-balenciaga\/"]}]},{"@type":"ImageObject","inLanguage":"es","@id":"https:\/\/easo.eus\/es\/2017\/07\/17\/exalumna-de-easo-politeknikoa-en-el-museo-balenciaga\/#primaryimage","url":"https:\/\/easo.eus\/wp-content\/uploads\/2017\/07\/5659.jpg","contentUrl":"https:\/\/easo.eus\/wp-content\/uploads\/2017\/07\/5659.jpg","width":567,"height":318},{"@type":"BreadcrumbList","@id":"https:\/\/easo.eus\/es\/2017\/07\/17\/exalumna-de-easo-politeknikoa-en-el-museo-balenciaga\/#breadcrumb","itemListElement":[{"@type":"ListItem","position":1,"name":"Home","item":"https:\/\/easo.eus\/es\/hasiera\/"},{"@type":"ListItem","position":2,"name":"Exalumna de EASO Politeknikoa en el Museo Balenciaga"}]},{"@type":"WebSite","@id":"https:\/\/easo.eus\/es\/#website","url":"https:\/\/easo.eus\/es\/","name":"Easo Politeknikoa","description":"","publisher":{"@id":"https:\/\/easo.eus\/es\/#organization"},"potentialAction":[{"@type":"SearchAction","target":{"@type":"EntryPoint","urlTemplate":"https:\/\/easo.eus\/es\/?s={search_term_string}"},"query-input":{"@type":"PropertyValueSpecification","valueRequired":true,"valueName":"search_term_string"}}],"inLanguage":"es"},{"@type":"Organization","@id":"https:\/\/easo.eus\/es\/#organization","name":"Easo Politeknikoa","url":"https:\/\/easo.eus\/es\/","logo":{"@type":"ImageObject","inLanguage":"es","@id":"https:\/\/easo.eus\/es\/#\/schema\/logo\/image\/","url":"https:\/\/easo.eus\/wp-content\/uploads\/2025\/05\/layout_set_logo.png","contentUrl":"https:\/\/easo.eus\/wp-content\/uploads\/2025\/05\/layout_set_logo.png","width":2033,"height":488,"caption":"Easo Politeknikoa"},"image":{"@id":"https:\/\/easo.eus\/es\/#\/schema\/logo\/image\/"},"sameAs":["https:\/\/www.facebook.com\/people\/CIFP-EASO-Politeknikoa-LHII\/100069039060131\/","https:\/\/www.instagram.com\/easopolitek\/"]}]}},"_links":{"self":[{"href":"https:\/\/easo.eus\/es\/wp-json\/wp\/v2\/posts\/7582","targetHints":{"allow":["GET"]}}],"collection":[{"href":"https:\/\/easo.eus\/es\/wp-json\/wp\/v2\/posts"}],"about":[{"href":"https:\/\/easo.eus\/es\/wp-json\/wp\/v2\/types\/post"}],"replies":[{"embeddable":true,"href":"https:\/\/easo.eus\/es\/wp-json\/wp\/v2\/comments?post=7582"}],"version-history":[{"count":0,"href":"https:\/\/easo.eus\/es\/wp-json\/wp\/v2\/posts\/7582\/revisions"}],"wp:featuredmedia":[{"embeddable":true,"href":"https:\/\/easo.eus\/es\/wp-json\/wp\/v2\/media\/5660"}],"wp:attachment":[{"href":"https:\/\/easo.eus\/es\/wp-json\/wp\/v2\/media?parent=7582"}],"wp:term":[{"taxonomy":"category","embeddable":true,"href":"https:\/\/easo.eus\/es\/wp-json\/wp\/v2\/categories?post=7582"},{"taxonomy":"post_tag","embeddable":true,"href":"https:\/\/easo.eus\/es\/wp-json\/wp\/v2\/tags?post=7582"}],"curies":[{"name":"wp","href":"https:\/\/api.w.org\/{rel}","templated":true}]}}