{"id":7584,"date":"2017-05-12T00:00:00","date_gmt":"2017-05-11T23:00:00","guid":{"rendered":"https:\/\/easo.eus\/2017\/05\/12\/visita-a-kaufmannische-schule\/"},"modified":"2017-05-12T00:00:00","modified_gmt":"2017-05-11T23:00:00","slug":"visita-a-kaufmannische-schule","status":"publish","type":"post","link":"https:\/\/easo.eus\/es\/2017\/05\/12\/visita-a-kaufmannische-schule\/","title":{"rendered":"Visita a Kaufm\u00e4nnische Schule"},"content":{"rendered":"<p>|  Dentro del marco Erasmus+ el pasado 2 de abril Mar\u00eda Meijide (jefa de estudios) y Elena Fabra (coordinadora de proyectos internacionales) visitaron el centro Kaufm\u00e4nnische Schule L\u00f6rrach en Alemania. El principal inter\u00e9s se centraba en el estudio de la formaci\u00f3n profesional y los diferentes niveles educativos en Alemania, as\u00ed como las relaciones de los centros educativos con las empresas.  La visita se desarroll\u00f3 en las diferentes aulas, talleres. Visitamos otros centros de la zona (Gewerbeschule L\u00f6rrach, Mathilde-Planck-Schule y Albert Schweitzer), manteniendo un intercambio de informaci\u00f3n y pareceres acerca del funcionamiento de la FP en ambos pa\u00edses, en particular del sistema dual. Esperamos pronto su visita.<\/p>\n<p>&#8212;|&#8212;<\/p>\n","protected":false},"excerpt":{"rendered":"<p>| Dentro del marco Erasmus+ el pasado 2 de abril Mar\u00eda Meijide (jefa de estudios) y Elena Fabra (coordinadora de proyectos internacionales) visitaron el centro Kaufm\u00e4nnische Schule L\u00f6rrach en Alemania. El principal inter\u00e9s se centraba en el estudio de la formaci\u00f3n profesional y los diferentes niveles educativos en Alemania, as\u00ed como las relaciones de los&#8230;<\/p>\n","protected":false},"author":0,"featured_media":5693,"comment_status":"closed","ping_status":"closed","sticky":false,"template":"","format":"standard","meta":{"_acf_changed":false,"footnotes":""},"categories":[1],"tags":[],"class_list":["post-7584","post","type-post","status-publish","format-standard","has-post-thumbnail","hentry","category-uncategorized-eu"],"acf":[],"yoast_head":"<!-- This site is optimized with the Yoast SEO plugin v27.3 - https:\/\/yoast.com\/product\/yoast-seo-wordpress\/ -->\n<title>Visita a Kaufm\u00e4nnische Schule - Easo Politeknikoa<\/title>\n<meta name=\"robots\" content=\"index, follow, max-snippet:-1, max-image-preview:large, max-video-preview:-1\" \/>\n<link rel=\"canonical\" href=\"https:\/\/easo.eus\/es\/2017\/05\/12\/visita-a-kaufmannische-schule\/\" \/>\n<meta property=\"og:locale\" content=\"es_ES\" \/>\n<meta property=\"og:type\" content=\"article\" \/>\n<meta property=\"og:title\" content=\"Visita a Kaufm\u00e4nnische Schule - Easo Politeknikoa\" \/>\n<meta property=\"og:description\" content=\"| Dentro del marco Erasmus+ el pasado 2 de abril Mar\u00eda Meijide (jefa de estudios) y Elena Fabra (coordinadora de proyectos internacionales) visitaron el centro Kaufm\u00e4nnische Schule L\u00f6rrach en Alemania. El principal inter\u00e9s se centraba en el estudio de la formaci\u00f3n profesional y los diferentes niveles educativos en Alemania, as\u00ed como las relaciones de los...\" \/>\n<meta property=\"og:url\" content=\"https:\/\/easo.eus\/es\/2017\/05\/12\/visita-a-kaufmannische-schule\/\" \/>\n<meta property=\"og:site_name\" content=\"Easo Politeknikoa\" \/>\n<meta property=\"article:publisher\" content=\"https:\/\/www.facebook.com\/people\/CIFP-EASO-Politeknikoa-LHII\/100069039060131\/\" \/>\n<meta property=\"article:published_time\" content=\"2017-05-11T23:00:00+00:00\" \/>\n<meta property=\"og:image\" content=\"https:\/\/easo.eus\/wp-content\/uploads\/2025\/05\/layout_set_logo.png\" \/>\n\t<meta property=\"og:image:width\" content=\"2033\" \/>\n\t<meta property=\"og:image:height\" content=\"488\" \/>\n\t<meta property=\"og:image:type\" content=\"image\/png\" \/>\n<meta name=\"twitter:card\" content=\"summary_large_image\" \/>\n<meta name=\"twitter:label1\" content=\"Tiempo de lectura\" \/>\n\t<meta name=\"twitter:data1\" content=\"1 minuto\" \/>\n<script type=\"application\/ld+json\" class=\"yoast-schema-graph\">{\"@context\":\"https:\\\/\\\/schema.org\",\"@graph\":[{\"@type\":\"Article\",\"@id\":\"https:\\\/\\\/easo.eus\\\/es\\\/2017\\\/05\\\/12\\\/visita-a-kaufmannische-schule\\\/#article\",\"isPartOf\":{\"@id\":\"https:\\\/\\\/easo.eus\\\/es\\\/2017\\\/05\\\/12\\\/visita-a-kaufmannische-schule\\\/\"},\"author\":{\"name\":\"\",\"@id\":\"\"},\"headline\":\"Visita a Kaufm\u00e4nnische Schule\",\"datePublished\":\"2017-05-11T23:00:00+00:00\",\"mainEntityOfPage\":{\"@id\":\"https:\\\/\\\/easo.eus\\\/es\\\/2017\\\/05\\\/12\\\/visita-a-kaufmannische-schule\\\/\"},\"wordCount\":119,\"publisher\":{\"@id\":\"https:\\\/\\\/easo.eus\\\/es\\\/#organization\"},\"image\":{\"@id\":\"https:\\\/\\\/easo.eus\\\/es\\\/2017\\\/05\\\/12\\\/visita-a-kaufmannische-schule\\\/#primaryimage\"},\"thumbnailUrl\":\"https:\\\/\\\/easo.eus\\\/wp-content\\\/uploads\\\/2017\\\/05\\\/5692.jpg\",\"articleSection\":[\"Uncategorized @eu\"],\"inLanguage\":\"es\"},{\"@type\":\"WebPage\",\"@id\":\"https:\\\/\\\/easo.eus\\\/es\\\/2017\\\/05\\\/12\\\/visita-a-kaufmannische-schule\\\/\",\"url\":\"https:\\\/\\\/easo.eus\\\/es\\\/2017\\\/05\\\/12\\\/visita-a-kaufmannische-schule\\\/\",\"name\":\"Visita a Kaufm\u00e4nnische Schule - Easo Politeknikoa\",\"isPartOf\":{\"@id\":\"https:\\\/\\\/easo.eus\\\/es\\\/#website\"},\"primaryImageOfPage\":{\"@id\":\"https:\\\/\\\/easo.eus\\\/es\\\/2017\\\/05\\\/12\\\/visita-a-kaufmannische-schule\\\/#primaryimage\"},\"image\":{\"@id\":\"https:\\\/\\\/easo.eus\\\/es\\\/2017\\\/05\\\/12\\\/visita-a-kaufmannische-schule\\\/#primaryimage\"},\"thumbnailUrl\":\"https:\\\/\\\/easo.eus\\\/wp-content\\\/uploads\\\/2017\\\/05\\\/5692.jpg\",\"datePublished\":\"2017-05-11T23:00:00+00:00\",\"breadcrumb\":{\"@id\":\"https:\\\/\\\/easo.eus\\\/es\\\/2017\\\/05\\\/12\\\/visita-a-kaufmannische-schule\\\/#breadcrumb\"},\"inLanguage\":\"es\",\"potentialAction\":[{\"@type\":\"ReadAction\",\"target\":[\"https:\\\/\\\/easo.eus\\\/es\\\/2017\\\/05\\\/12\\\/visita-a-kaufmannische-schule\\\/\"]}]},{\"@type\":\"ImageObject\",\"inLanguage\":\"es\",\"@id\":\"https:\\\/\\\/easo.eus\\\/es\\\/2017\\\/05\\\/12\\\/visita-a-kaufmannische-schule\\\/#primaryimage\",\"url\":\"https:\\\/\\\/easo.eus\\\/wp-content\\\/uploads\\\/2017\\\/05\\\/5692.jpg\",\"contentUrl\":\"https:\\\/\\\/easo.eus\\\/wp-content\\\/uploads\\\/2017\\\/05\\\/5692.jpg\",\"width\":400,\"height\":300},{\"@type\":\"BreadcrumbList\",\"@id\":\"https:\\\/\\\/easo.eus\\\/es\\\/2017\\\/05\\\/12\\\/visita-a-kaufmannische-schule\\\/#breadcrumb\",\"itemListElement\":[{\"@type\":\"ListItem\",\"position\":1,\"name\":\"Home\",\"item\":\"https:\\\/\\\/easo.eus\\\/es\\\/hasiera\\\/\"},{\"@type\":\"ListItem\",\"position\":2,\"name\":\"Visita a Kaufm\u00e4nnische Schule\"}]},{\"@type\":\"WebSite\",\"@id\":\"https:\\\/\\\/easo.eus\\\/es\\\/#website\",\"url\":\"https:\\\/\\\/easo.eus\\\/es\\\/\",\"name\":\"Easo Politeknikoa\",\"description\":\"\",\"publisher\":{\"@id\":\"https:\\\/\\\/easo.eus\\\/es\\\/#organization\"},\"potentialAction\":[{\"@type\":\"SearchAction\",\"target\":{\"@type\":\"EntryPoint\",\"urlTemplate\":\"https:\\\/\\\/easo.eus\\\/es\\\/?s={search_term_string}\"},\"query-input\":{\"@type\":\"PropertyValueSpecification\",\"valueRequired\":true,\"valueName\":\"search_term_string\"}}],\"inLanguage\":\"es\"},{\"@type\":\"Organization\",\"@id\":\"https:\\\/\\\/easo.eus\\\/es\\\/#organization\",\"name\":\"Easo Politeknikoa\",\"url\":\"https:\\\/\\\/easo.eus\\\/es\\\/\",\"logo\":{\"@type\":\"ImageObject\",\"inLanguage\":\"es\",\"@id\":\"https:\\\/\\\/easo.eus\\\/es\\\/#\\\/schema\\\/logo\\\/image\\\/\",\"url\":\"https:\\\/\\\/easo.eus\\\/wp-content\\\/uploads\\\/2025\\\/05\\\/layout_set_logo.png\",\"contentUrl\":\"https:\\\/\\\/easo.eus\\\/wp-content\\\/uploads\\\/2025\\\/05\\\/layout_set_logo.png\",\"width\":2033,\"height\":488,\"caption\":\"Easo Politeknikoa\"},\"image\":{\"@id\":\"https:\\\/\\\/easo.eus\\\/es\\\/#\\\/schema\\\/logo\\\/image\\\/\"},\"sameAs\":[\"https:\\\/\\\/www.facebook.com\\\/people\\\/CIFP-EASO-Politeknikoa-LHII\\\/100069039060131\\\/\",\"https:\\\/\\\/www.instagram.com\\\/easopolitek\\\/\"]}]}<\/script>\n<!-- \/ Yoast SEO plugin. -->","yoast_head_json":{"title":"Visita a Kaufm\u00e4nnische Schule - Easo Politeknikoa","robots":{"index":"index","follow":"follow","max-snippet":"max-snippet:-1","max-image-preview":"max-image-preview:large","max-video-preview":"max-video-preview:-1"},"canonical":"https:\/\/easo.eus\/es\/2017\/05\/12\/visita-a-kaufmannische-schule\/","og_locale":"es_ES","og_type":"article","og_title":"Visita a Kaufm\u00e4nnische Schule - Easo Politeknikoa","og_description":"| Dentro del marco Erasmus+ el pasado 2 de abril Mar\u00eda Meijide (jefa de estudios) y Elena Fabra (coordinadora de proyectos internacionales) visitaron el centro Kaufm\u00e4nnische Schule L\u00f6rrach en Alemania. El principal inter\u00e9s se centraba en el estudio de la formaci\u00f3n profesional y los diferentes niveles educativos en Alemania, as\u00ed como las relaciones de los...","og_url":"https:\/\/easo.eus\/es\/2017\/05\/12\/visita-a-kaufmannische-schule\/","og_site_name":"Easo Politeknikoa","article_publisher":"https:\/\/www.facebook.com\/people\/CIFP-EASO-Politeknikoa-LHII\/100069039060131\/","article_published_time":"2017-05-11T23:00:00+00:00","og_image":[{"width":2033,"height":488,"url":"https:\/\/easo.eus\/wp-content\/uploads\/2025\/05\/layout_set_logo.png","type":"image\/png"}],"twitter_card":"summary_large_image","twitter_misc":{"Tiempo de lectura":"1 minuto"},"schema":{"@context":"https:\/\/schema.org","@graph":[{"@type":"Article","@id":"https:\/\/easo.eus\/es\/2017\/05\/12\/visita-a-kaufmannische-schule\/#article","isPartOf":{"@id":"https:\/\/easo.eus\/es\/2017\/05\/12\/visita-a-kaufmannische-schule\/"},"author":{"name":"","@id":""},"headline":"Visita a Kaufm\u00e4nnische Schule","datePublished":"2017-05-11T23:00:00+00:00","mainEntityOfPage":{"@id":"https:\/\/easo.eus\/es\/2017\/05\/12\/visita-a-kaufmannische-schule\/"},"wordCount":119,"publisher":{"@id":"https:\/\/easo.eus\/es\/#organization"},"image":{"@id":"https:\/\/easo.eus\/es\/2017\/05\/12\/visita-a-kaufmannische-schule\/#primaryimage"},"thumbnailUrl":"https:\/\/easo.eus\/wp-content\/uploads\/2017\/05\/5692.jpg","articleSection":["Uncategorized @eu"],"inLanguage":"es"},{"@type":"WebPage","@id":"https:\/\/easo.eus\/es\/2017\/05\/12\/visita-a-kaufmannische-schule\/","url":"https:\/\/easo.eus\/es\/2017\/05\/12\/visita-a-kaufmannische-schule\/","name":"Visita a Kaufm\u00e4nnische Schule - Easo Politeknikoa","isPartOf":{"@id":"https:\/\/easo.eus\/es\/#website"},"primaryImageOfPage":{"@id":"https:\/\/easo.eus\/es\/2017\/05\/12\/visita-a-kaufmannische-schule\/#primaryimage"},"image":{"@id":"https:\/\/easo.eus\/es\/2017\/05\/12\/visita-a-kaufmannische-schule\/#primaryimage"},"thumbnailUrl":"https:\/\/easo.eus\/wp-content\/uploads\/2017\/05\/5692.jpg","datePublished":"2017-05-11T23:00:00+00:00","breadcrumb":{"@id":"https:\/\/easo.eus\/es\/2017\/05\/12\/visita-a-kaufmannische-schule\/#breadcrumb"},"inLanguage":"es","potentialAction":[{"@type":"ReadAction","target":["https:\/\/easo.eus\/es\/2017\/05\/12\/visita-a-kaufmannische-schule\/"]}]},{"@type":"ImageObject","inLanguage":"es","@id":"https:\/\/easo.eus\/es\/2017\/05\/12\/visita-a-kaufmannische-schule\/#primaryimage","url":"https:\/\/easo.eus\/wp-content\/uploads\/2017\/05\/5692.jpg","contentUrl":"https:\/\/easo.eus\/wp-content\/uploads\/2017\/05\/5692.jpg","width":400,"height":300},{"@type":"BreadcrumbList","@id":"https:\/\/easo.eus\/es\/2017\/05\/12\/visita-a-kaufmannische-schule\/#breadcrumb","itemListElement":[{"@type":"ListItem","position":1,"name":"Home","item":"https:\/\/easo.eus\/es\/hasiera\/"},{"@type":"ListItem","position":2,"name":"Visita a Kaufm\u00e4nnische Schule"}]},{"@type":"WebSite","@id":"https:\/\/easo.eus\/es\/#website","url":"https:\/\/easo.eus\/es\/","name":"Easo Politeknikoa","description":"","publisher":{"@id":"https:\/\/easo.eus\/es\/#organization"},"potentialAction":[{"@type":"SearchAction","target":{"@type":"EntryPoint","urlTemplate":"https:\/\/easo.eus\/es\/?s={search_term_string}"},"query-input":{"@type":"PropertyValueSpecification","valueRequired":true,"valueName":"search_term_string"}}],"inLanguage":"es"},{"@type":"Organization","@id":"https:\/\/easo.eus\/es\/#organization","name":"Easo Politeknikoa","url":"https:\/\/easo.eus\/es\/","logo":{"@type":"ImageObject","inLanguage":"es","@id":"https:\/\/easo.eus\/es\/#\/schema\/logo\/image\/","url":"https:\/\/easo.eus\/wp-content\/uploads\/2025\/05\/layout_set_logo.png","contentUrl":"https:\/\/easo.eus\/wp-content\/uploads\/2025\/05\/layout_set_logo.png","width":2033,"height":488,"caption":"Easo Politeknikoa"},"image":{"@id":"https:\/\/easo.eus\/es\/#\/schema\/logo\/image\/"},"sameAs":["https:\/\/www.facebook.com\/people\/CIFP-EASO-Politeknikoa-LHII\/100069039060131\/","https:\/\/www.instagram.com\/easopolitek\/"]}]}},"_links":{"self":[{"href":"https:\/\/easo.eus\/es\/wp-json\/wp\/v2\/posts\/7584","targetHints":{"allow":["GET"]}}],"collection":[{"href":"https:\/\/easo.eus\/es\/wp-json\/wp\/v2\/posts"}],"about":[{"href":"https:\/\/easo.eus\/es\/wp-json\/wp\/v2\/types\/post"}],"replies":[{"embeddable":true,"href":"https:\/\/easo.eus\/es\/wp-json\/wp\/v2\/comments?post=7584"}],"version-history":[{"count":0,"href":"https:\/\/easo.eus\/es\/wp-json\/wp\/v2\/posts\/7584\/revisions"}],"wp:featuredmedia":[{"embeddable":true,"href":"https:\/\/easo.eus\/es\/wp-json\/wp\/v2\/media\/5693"}],"wp:attachment":[{"href":"https:\/\/easo.eus\/es\/wp-json\/wp\/v2\/media?parent=7584"}],"wp:term":[{"taxonomy":"category","embeddable":true,"href":"https:\/\/easo.eus\/es\/wp-json\/wp\/v2\/categories?post=7584"},{"taxonomy":"post_tag","embeddable":true,"href":"https:\/\/easo.eus\/es\/wp-json\/wp\/v2\/tags?post=7584"}],"curies":[{"name":"wp","href":"https:\/\/api.w.org\/{rel}","templated":true}]}}