{"id":7588,"date":"2017-05-24T00:00:00","date_gmt":"2017-05-23T23:00:00","guid":{"rendered":"https:\/\/easo.eus\/2017\/05\/24\/artesania-en-el-campo-expandido\/"},"modified":"2017-05-24T00:00:00","modified_gmt":"2017-05-23T23:00:00","slug":"artesania-en-el-campo-expandido","status":"publish","type":"post","link":"https:\/\/easo.eus\/es\/2017\/05\/24\/artesania-en-el-campo-expandido\/","title":{"rendered":"Artesan\u00eda en el campo expandido"},"content":{"rendered":"<p>|  Easo Politeknikoa organiza del 22 al 26 de mayo una semana de actividades para dar a conocer el ciclo superior de Joyer\u00eda Art\u00edstica. Las personas interesadas que deseen conocer de primera mano los estudios reglados de Joyer\u00eda Art\u00edstica que se imparten en este centro, conocer sus instalaciones y talleres, su plan de estudios y las materias que imparte, o charlar con los responsables del centro deber\u00e1n pedir cita, poni\u00e9ndose en contacto con el centro. Ver programa.<\/p>\n<p>&#8212;|&#8212;<\/p>\n","protected":false},"excerpt":{"rendered":"<p>| Easo Politeknikoa organiza del 22 al 26 de mayo una semana de actividades para dar a conocer el ciclo superior de Joyer\u00eda Art\u00edstica. Las personas interesadas que deseen conocer de primera mano los estudios reglados de Joyer\u00eda Art\u00edstica que se imparten en este centro, conocer sus instalaciones y talleres, su plan de estudios y&#8230;<\/p>\n","protected":false},"author":0,"featured_media":5690,"comment_status":"closed","ping_status":"closed","sticky":false,"template":"","format":"standard","meta":{"_acf_changed":false,"footnotes":""},"categories":[1],"tags":[],"class_list":["post-7588","post","type-post","status-publish","format-standard","has-post-thumbnail","hentry","category-uncategorized-eu"],"acf":[],"yoast_head":"<!-- This site is optimized with the Yoast SEO plugin v27.3 - https:\/\/yoast.com\/product\/yoast-seo-wordpress\/ -->\n<title>Artesan\u00eda en el campo expandido - Easo Politeknikoa<\/title>\n<meta name=\"robots\" content=\"index, follow, max-snippet:-1, max-image-preview:large, max-video-preview:-1\" \/>\n<link rel=\"canonical\" href=\"https:\/\/easo.eus\/es\/2017\/05\/24\/artesania-en-el-campo-expandido\/\" \/>\n<meta property=\"og:locale\" content=\"es_ES\" \/>\n<meta property=\"og:type\" content=\"article\" \/>\n<meta property=\"og:title\" content=\"Artesan\u00eda en el campo expandido - Easo Politeknikoa\" \/>\n<meta property=\"og:description\" content=\"| Easo Politeknikoa organiza del 22 al 26 de mayo una semana de actividades para dar a conocer el ciclo superior de Joyer\u00eda Art\u00edstica. Las personas interesadas que deseen conocer de primera mano los estudios reglados de Joyer\u00eda Art\u00edstica que se imparten en este centro, conocer sus instalaciones y talleres, su plan de estudios y...\" \/>\n<meta property=\"og:url\" content=\"https:\/\/easo.eus\/es\/2017\/05\/24\/artesania-en-el-campo-expandido\/\" \/>\n<meta property=\"og:site_name\" content=\"Easo Politeknikoa\" \/>\n<meta property=\"article:publisher\" content=\"https:\/\/www.facebook.com\/people\/CIFP-EASO-Politeknikoa-LHII\/100069039060131\/\" \/>\n<meta property=\"article:published_time\" content=\"2017-05-23T23:00:00+00:00\" \/>\n<meta property=\"og:image\" content=\"https:\/\/easo.eus\/wp-content\/uploads\/2025\/05\/layout_set_logo.png\" \/>\n\t<meta property=\"og:image:width\" content=\"2033\" \/>\n\t<meta property=\"og:image:height\" content=\"488\" \/>\n\t<meta property=\"og:image:type\" content=\"image\/png\" \/>\n<meta name=\"twitter:card\" content=\"summary_large_image\" \/>\n<script type=\"application\/ld+json\" class=\"yoast-schema-graph\">{\"@context\":\"https:\\\/\\\/schema.org\",\"@graph\":[{\"@type\":\"Article\",\"@id\":\"https:\\\/\\\/easo.eus\\\/es\\\/2017\\\/05\\\/24\\\/artesania-en-el-campo-expandido\\\/#article\",\"isPartOf\":{\"@id\":\"https:\\\/\\\/easo.eus\\\/es\\\/2017\\\/05\\\/24\\\/artesania-en-el-campo-expandido\\\/\"},\"author\":{\"name\":\"\",\"@id\":\"\"},\"headline\":\"Artesan\u00eda en el campo expandido\",\"datePublished\":\"2017-05-23T23:00:00+00:00\",\"mainEntityOfPage\":{\"@id\":\"https:\\\/\\\/easo.eus\\\/es\\\/2017\\\/05\\\/24\\\/artesania-en-el-campo-expandido\\\/\"},\"wordCount\":88,\"publisher\":{\"@id\":\"https:\\\/\\\/easo.eus\\\/es\\\/#organization\"},\"image\":{\"@id\":\"https:\\\/\\\/easo.eus\\\/es\\\/2017\\\/05\\\/24\\\/artesania-en-el-campo-expandido\\\/#primaryimage\"},\"thumbnailUrl\":\"https:\\\/\\\/easo.eus\\\/wp-content\\\/uploads\\\/2017\\\/05\\\/5689.jpg\",\"articleSection\":[\"Uncategorized @eu\"],\"inLanguage\":\"es\"},{\"@type\":\"WebPage\",\"@id\":\"https:\\\/\\\/easo.eus\\\/es\\\/2017\\\/05\\\/24\\\/artesania-en-el-campo-expandido\\\/\",\"url\":\"https:\\\/\\\/easo.eus\\\/es\\\/2017\\\/05\\\/24\\\/artesania-en-el-campo-expandido\\\/\",\"name\":\"Artesan\u00eda en el campo expandido - Easo Politeknikoa\",\"isPartOf\":{\"@id\":\"https:\\\/\\\/easo.eus\\\/es\\\/#website\"},\"primaryImageOfPage\":{\"@id\":\"https:\\\/\\\/easo.eus\\\/es\\\/2017\\\/05\\\/24\\\/artesania-en-el-campo-expandido\\\/#primaryimage\"},\"image\":{\"@id\":\"https:\\\/\\\/easo.eus\\\/es\\\/2017\\\/05\\\/24\\\/artesania-en-el-campo-expandido\\\/#primaryimage\"},\"thumbnailUrl\":\"https:\\\/\\\/easo.eus\\\/wp-content\\\/uploads\\\/2017\\\/05\\\/5689.jpg\",\"datePublished\":\"2017-05-23T23:00:00+00:00\",\"breadcrumb\":{\"@id\":\"https:\\\/\\\/easo.eus\\\/es\\\/2017\\\/05\\\/24\\\/artesania-en-el-campo-expandido\\\/#breadcrumb\"},\"inLanguage\":\"es\",\"potentialAction\":[{\"@type\":\"ReadAction\",\"target\":[\"https:\\\/\\\/easo.eus\\\/es\\\/2017\\\/05\\\/24\\\/artesania-en-el-campo-expandido\\\/\"]}]},{\"@type\":\"ImageObject\",\"inLanguage\":\"es\",\"@id\":\"https:\\\/\\\/easo.eus\\\/es\\\/2017\\\/05\\\/24\\\/artesania-en-el-campo-expandido\\\/#primaryimage\",\"url\":\"https:\\\/\\\/easo.eus\\\/wp-content\\\/uploads\\\/2017\\\/05\\\/5689.jpg\",\"contentUrl\":\"https:\\\/\\\/easo.eus\\\/wp-content\\\/uploads\\\/2017\\\/05\\\/5689.jpg\",\"width\":400,\"height\":280},{\"@type\":\"BreadcrumbList\",\"@id\":\"https:\\\/\\\/easo.eus\\\/es\\\/2017\\\/05\\\/24\\\/artesania-en-el-campo-expandido\\\/#breadcrumb\",\"itemListElement\":[{\"@type\":\"ListItem\",\"position\":1,\"name\":\"Home\",\"item\":\"https:\\\/\\\/easo.eus\\\/es\\\/hasiera\\\/\"},{\"@type\":\"ListItem\",\"position\":2,\"name\":\"Artesan\u00eda en el campo expandido\"}]},{\"@type\":\"WebSite\",\"@id\":\"https:\\\/\\\/easo.eus\\\/es\\\/#website\",\"url\":\"https:\\\/\\\/easo.eus\\\/es\\\/\",\"name\":\"Easo Politeknikoa\",\"description\":\"\",\"publisher\":{\"@id\":\"https:\\\/\\\/easo.eus\\\/es\\\/#organization\"},\"potentialAction\":[{\"@type\":\"SearchAction\",\"target\":{\"@type\":\"EntryPoint\",\"urlTemplate\":\"https:\\\/\\\/easo.eus\\\/es\\\/?s={search_term_string}\"},\"query-input\":{\"@type\":\"PropertyValueSpecification\",\"valueRequired\":true,\"valueName\":\"search_term_string\"}}],\"inLanguage\":\"es\"},{\"@type\":\"Organization\",\"@id\":\"https:\\\/\\\/easo.eus\\\/es\\\/#organization\",\"name\":\"Easo Politeknikoa\",\"url\":\"https:\\\/\\\/easo.eus\\\/es\\\/\",\"logo\":{\"@type\":\"ImageObject\",\"inLanguage\":\"es\",\"@id\":\"https:\\\/\\\/easo.eus\\\/es\\\/#\\\/schema\\\/logo\\\/image\\\/\",\"url\":\"https:\\\/\\\/easo.eus\\\/wp-content\\\/uploads\\\/2025\\\/05\\\/layout_set_logo.png\",\"contentUrl\":\"https:\\\/\\\/easo.eus\\\/wp-content\\\/uploads\\\/2025\\\/05\\\/layout_set_logo.png\",\"width\":2033,\"height\":488,\"caption\":\"Easo Politeknikoa\"},\"image\":{\"@id\":\"https:\\\/\\\/easo.eus\\\/es\\\/#\\\/schema\\\/logo\\\/image\\\/\"},\"sameAs\":[\"https:\\\/\\\/www.facebook.com\\\/people\\\/CIFP-EASO-Politeknikoa-LHII\\\/100069039060131\\\/\",\"https:\\\/\\\/www.instagram.com\\\/easopolitek\\\/\"]}]}<\/script>\n<!-- \/ Yoast SEO plugin. -->","yoast_head_json":{"title":"Artesan\u00eda en el campo expandido - Easo Politeknikoa","robots":{"index":"index","follow":"follow","max-snippet":"max-snippet:-1","max-image-preview":"max-image-preview:large","max-video-preview":"max-video-preview:-1"},"canonical":"https:\/\/easo.eus\/es\/2017\/05\/24\/artesania-en-el-campo-expandido\/","og_locale":"es_ES","og_type":"article","og_title":"Artesan\u00eda en el campo expandido - Easo Politeknikoa","og_description":"| Easo Politeknikoa organiza del 22 al 26 de mayo una semana de actividades para dar a conocer el ciclo superior de Joyer\u00eda Art\u00edstica. Las personas interesadas que deseen conocer de primera mano los estudios reglados de Joyer\u00eda Art\u00edstica que se imparten en este centro, conocer sus instalaciones y talleres, su plan de estudios y...","og_url":"https:\/\/easo.eus\/es\/2017\/05\/24\/artesania-en-el-campo-expandido\/","og_site_name":"Easo Politeknikoa","article_publisher":"https:\/\/www.facebook.com\/people\/CIFP-EASO-Politeknikoa-LHII\/100069039060131\/","article_published_time":"2017-05-23T23:00:00+00:00","og_image":[{"width":2033,"height":488,"url":"https:\/\/easo.eus\/wp-content\/uploads\/2025\/05\/layout_set_logo.png","type":"image\/png"}],"twitter_card":"summary_large_image","schema":{"@context":"https:\/\/schema.org","@graph":[{"@type":"Article","@id":"https:\/\/easo.eus\/es\/2017\/05\/24\/artesania-en-el-campo-expandido\/#article","isPartOf":{"@id":"https:\/\/easo.eus\/es\/2017\/05\/24\/artesania-en-el-campo-expandido\/"},"author":{"name":"","@id":""},"headline":"Artesan\u00eda en el campo expandido","datePublished":"2017-05-23T23:00:00+00:00","mainEntityOfPage":{"@id":"https:\/\/easo.eus\/es\/2017\/05\/24\/artesania-en-el-campo-expandido\/"},"wordCount":88,"publisher":{"@id":"https:\/\/easo.eus\/es\/#organization"},"image":{"@id":"https:\/\/easo.eus\/es\/2017\/05\/24\/artesania-en-el-campo-expandido\/#primaryimage"},"thumbnailUrl":"https:\/\/easo.eus\/wp-content\/uploads\/2017\/05\/5689.jpg","articleSection":["Uncategorized @eu"],"inLanguage":"es"},{"@type":"WebPage","@id":"https:\/\/easo.eus\/es\/2017\/05\/24\/artesania-en-el-campo-expandido\/","url":"https:\/\/easo.eus\/es\/2017\/05\/24\/artesania-en-el-campo-expandido\/","name":"Artesan\u00eda en el campo expandido - Easo Politeknikoa","isPartOf":{"@id":"https:\/\/easo.eus\/es\/#website"},"primaryImageOfPage":{"@id":"https:\/\/easo.eus\/es\/2017\/05\/24\/artesania-en-el-campo-expandido\/#primaryimage"},"image":{"@id":"https:\/\/easo.eus\/es\/2017\/05\/24\/artesania-en-el-campo-expandido\/#primaryimage"},"thumbnailUrl":"https:\/\/easo.eus\/wp-content\/uploads\/2017\/05\/5689.jpg","datePublished":"2017-05-23T23:00:00+00:00","breadcrumb":{"@id":"https:\/\/easo.eus\/es\/2017\/05\/24\/artesania-en-el-campo-expandido\/#breadcrumb"},"inLanguage":"es","potentialAction":[{"@type":"ReadAction","target":["https:\/\/easo.eus\/es\/2017\/05\/24\/artesania-en-el-campo-expandido\/"]}]},{"@type":"ImageObject","inLanguage":"es","@id":"https:\/\/easo.eus\/es\/2017\/05\/24\/artesania-en-el-campo-expandido\/#primaryimage","url":"https:\/\/easo.eus\/wp-content\/uploads\/2017\/05\/5689.jpg","contentUrl":"https:\/\/easo.eus\/wp-content\/uploads\/2017\/05\/5689.jpg","width":400,"height":280},{"@type":"BreadcrumbList","@id":"https:\/\/easo.eus\/es\/2017\/05\/24\/artesania-en-el-campo-expandido\/#breadcrumb","itemListElement":[{"@type":"ListItem","position":1,"name":"Home","item":"https:\/\/easo.eus\/es\/hasiera\/"},{"@type":"ListItem","position":2,"name":"Artesan\u00eda en el campo expandido"}]},{"@type":"WebSite","@id":"https:\/\/easo.eus\/es\/#website","url":"https:\/\/easo.eus\/es\/","name":"Easo Politeknikoa","description":"","publisher":{"@id":"https:\/\/easo.eus\/es\/#organization"},"potentialAction":[{"@type":"SearchAction","target":{"@type":"EntryPoint","urlTemplate":"https:\/\/easo.eus\/es\/?s={search_term_string}"},"query-input":{"@type":"PropertyValueSpecification","valueRequired":true,"valueName":"search_term_string"}}],"inLanguage":"es"},{"@type":"Organization","@id":"https:\/\/easo.eus\/es\/#organization","name":"Easo Politeknikoa","url":"https:\/\/easo.eus\/es\/","logo":{"@type":"ImageObject","inLanguage":"es","@id":"https:\/\/easo.eus\/es\/#\/schema\/logo\/image\/","url":"https:\/\/easo.eus\/wp-content\/uploads\/2025\/05\/layout_set_logo.png","contentUrl":"https:\/\/easo.eus\/wp-content\/uploads\/2025\/05\/layout_set_logo.png","width":2033,"height":488,"caption":"Easo Politeknikoa"},"image":{"@id":"https:\/\/easo.eus\/es\/#\/schema\/logo\/image\/"},"sameAs":["https:\/\/www.facebook.com\/people\/CIFP-EASO-Politeknikoa-LHII\/100069039060131\/","https:\/\/www.instagram.com\/easopolitek\/"]}]}},"_links":{"self":[{"href":"https:\/\/easo.eus\/es\/wp-json\/wp\/v2\/posts\/7588","targetHints":{"allow":["GET"]}}],"collection":[{"href":"https:\/\/easo.eus\/es\/wp-json\/wp\/v2\/posts"}],"about":[{"href":"https:\/\/easo.eus\/es\/wp-json\/wp\/v2\/types\/post"}],"replies":[{"embeddable":true,"href":"https:\/\/easo.eus\/es\/wp-json\/wp\/v2\/comments?post=7588"}],"version-history":[{"count":0,"href":"https:\/\/easo.eus\/es\/wp-json\/wp\/v2\/posts\/7588\/revisions"}],"wp:featuredmedia":[{"embeddable":true,"href":"https:\/\/easo.eus\/es\/wp-json\/wp\/v2\/media\/5690"}],"wp:attachment":[{"href":"https:\/\/easo.eus\/es\/wp-json\/wp\/v2\/media?parent=7588"}],"wp:term":[{"taxonomy":"category","embeddable":true,"href":"https:\/\/easo.eus\/es\/wp-json\/wp\/v2\/categories?post=7588"},{"taxonomy":"post_tag","embeddable":true,"href":"https:\/\/easo.eus\/es\/wp-json\/wp\/v2\/tags?post=7588"}],"curies":[{"name":"wp","href":"https:\/\/api.w.org\/{rel}","templated":true}]}}