{"id":7600,"date":"2017-03-03T00:00:00","date_gmt":"2017-03-02T23:00:00","guid":{"rendered":"https:\/\/easo.eus\/2017\/03\/03\/32-alumnos-y-alumnas-en-el-programa-erasmus\/"},"modified":"2017-03-03T00:00:00","modified_gmt":"2017-03-02T23:00:00","slug":"32-alumnos-y-alumnas-en-el-programa-erasmus","status":"publish","type":"post","link":"https:\/\/easo.eus\/es\/2017\/03\/03\/32-alumnos-y-alumnas-en-el-programa-erasmus\/","title":{"rendered":"32 alumnos y alumnas en el programa Erasmus+"},"content":{"rendered":"<p>|  Este curso ser\u00e1n 31 los alumnos y alumnas de Easo Politeknikoa que realizar\u00e1n las pr\u00e1cticas de formaci\u00f3n en centros de trabajo bajo los programas Erasmus+ KA 116 y KA103. Durante 3 meses podr\u00e1n conocer c\u00f3mo se trabaja y la cultura del pa\u00eds de destino. Este curso los pa\u00edses de destino ser\u00e1n Italia, Portugal, Irlanda, Austria, Polonia y Bulgaria.<\/p>\n<p>&#8212;|&#8212;<\/p>\n","protected":false},"excerpt":{"rendered":"<p>| Este curso ser\u00e1n 31 los alumnos y alumnas de Easo Politeknikoa que realizar\u00e1n las pr\u00e1cticas de formaci\u00f3n en centros de trabajo bajo los programas Erasmus+ KA 116 y KA103. Durante 3 meses podr\u00e1n conocer c\u00f3mo se trabaja y la cultura del pa\u00eds de destino. Este curso los pa\u00edses de destino ser\u00e1n Italia, Portugal, Irlanda,&#8230;<\/p>\n","protected":false},"author":0,"featured_media":5726,"comment_status":"closed","ping_status":"closed","sticky":false,"template":"","format":"standard","meta":{"_acf_changed":false,"footnotes":""},"categories":[1],"tags":[],"class_list":["post-7600","post","type-post","status-publish","format-standard","has-post-thumbnail","hentry","category-uncategorized-eu"],"acf":[],"yoast_head":"<!-- This site is optimized with the Yoast SEO plugin v27.3 - https:\/\/yoast.com\/product\/yoast-seo-wordpress\/ -->\n<title>32 alumnos y alumnas en el programa Erasmus+ - Easo Politeknikoa<\/title>\n<meta name=\"robots\" content=\"index, follow, max-snippet:-1, max-image-preview:large, max-video-preview:-1\" \/>\n<link rel=\"canonical\" href=\"https:\/\/easo.eus\/es\/2017\/03\/03\/32-alumnos-y-alumnas-en-el-programa-erasmus\/\" \/>\n<meta property=\"og:locale\" content=\"es_ES\" \/>\n<meta property=\"og:type\" content=\"article\" \/>\n<meta property=\"og:title\" content=\"32 alumnos y alumnas en el programa Erasmus+ - Easo Politeknikoa\" \/>\n<meta property=\"og:description\" content=\"| Este curso ser\u00e1n 31 los alumnos y alumnas de Easo Politeknikoa que realizar\u00e1n las pr\u00e1cticas de formaci\u00f3n en centros de trabajo bajo los programas Erasmus+ KA 116 y KA103. Durante 3 meses podr\u00e1n conocer c\u00f3mo se trabaja y la cultura del pa\u00eds de destino. Este curso los pa\u00edses de destino ser\u00e1n Italia, Portugal, Irlanda,...\" \/>\n<meta property=\"og:url\" content=\"https:\/\/easo.eus\/es\/2017\/03\/03\/32-alumnos-y-alumnas-en-el-programa-erasmus\/\" \/>\n<meta property=\"og:site_name\" content=\"Easo Politeknikoa\" \/>\n<meta property=\"article:publisher\" content=\"https:\/\/www.facebook.com\/people\/CIFP-EASO-Politeknikoa-LHII\/100069039060131\/\" \/>\n<meta property=\"article:published_time\" content=\"2017-03-02T23:00:00+00:00\" \/>\n<meta property=\"og:image\" content=\"https:\/\/easo.eus\/wp-content\/uploads\/2025\/05\/layout_set_logo.png\" \/>\n\t<meta property=\"og:image:width\" content=\"2033\" \/>\n\t<meta property=\"og:image:height\" content=\"488\" \/>\n\t<meta property=\"og:image:type\" content=\"image\/png\" \/>\n<meta name=\"twitter:card\" content=\"summary_large_image\" \/>\n<script type=\"application\/ld+json\" class=\"yoast-schema-graph\">{\"@context\":\"https:\\\/\\\/schema.org\",\"@graph\":[{\"@type\":\"Article\",\"@id\":\"https:\\\/\\\/easo.eus\\\/es\\\/2017\\\/03\\\/03\\\/32-alumnos-y-alumnas-en-el-programa-erasmus\\\/#article\",\"isPartOf\":{\"@id\":\"https:\\\/\\\/easo.eus\\\/es\\\/2017\\\/03\\\/03\\\/32-alumnos-y-alumnas-en-el-programa-erasmus\\\/\"},\"author\":{\"name\":\"\",\"@id\":\"\"},\"headline\":\"32 alumnos y alumnas en el programa Erasmus+\",\"datePublished\":\"2017-03-02T23:00:00+00:00\",\"mainEntityOfPage\":{\"@id\":\"https:\\\/\\\/easo.eus\\\/es\\\/2017\\\/03\\\/03\\\/32-alumnos-y-alumnas-en-el-programa-erasmus\\\/\"},\"wordCount\":73,\"publisher\":{\"@id\":\"https:\\\/\\\/easo.eus\\\/es\\\/#organization\"},\"image\":{\"@id\":\"https:\\\/\\\/easo.eus\\\/es\\\/2017\\\/03\\\/03\\\/32-alumnos-y-alumnas-en-el-programa-erasmus\\\/#primaryimage\"},\"thumbnailUrl\":\"https:\\\/\\\/easo.eus\\\/wp-content\\\/uploads\\\/2017\\\/03\\\/5725.jpg\",\"articleSection\":[\"Uncategorized @eu\"],\"inLanguage\":\"es\"},{\"@type\":\"WebPage\",\"@id\":\"https:\\\/\\\/easo.eus\\\/es\\\/2017\\\/03\\\/03\\\/32-alumnos-y-alumnas-en-el-programa-erasmus\\\/\",\"url\":\"https:\\\/\\\/easo.eus\\\/es\\\/2017\\\/03\\\/03\\\/32-alumnos-y-alumnas-en-el-programa-erasmus\\\/\",\"name\":\"32 alumnos y alumnas en el programa Erasmus+ - Easo Politeknikoa\",\"isPartOf\":{\"@id\":\"https:\\\/\\\/easo.eus\\\/es\\\/#website\"},\"primaryImageOfPage\":{\"@id\":\"https:\\\/\\\/easo.eus\\\/es\\\/2017\\\/03\\\/03\\\/32-alumnos-y-alumnas-en-el-programa-erasmus\\\/#primaryimage\"},\"image\":{\"@id\":\"https:\\\/\\\/easo.eus\\\/es\\\/2017\\\/03\\\/03\\\/32-alumnos-y-alumnas-en-el-programa-erasmus\\\/#primaryimage\"},\"thumbnailUrl\":\"https:\\\/\\\/easo.eus\\\/wp-content\\\/uploads\\\/2017\\\/03\\\/5725.jpg\",\"datePublished\":\"2017-03-02T23:00:00+00:00\",\"breadcrumb\":{\"@id\":\"https:\\\/\\\/easo.eus\\\/es\\\/2017\\\/03\\\/03\\\/32-alumnos-y-alumnas-en-el-programa-erasmus\\\/#breadcrumb\"},\"inLanguage\":\"es\",\"potentialAction\":[{\"@type\":\"ReadAction\",\"target\":[\"https:\\\/\\\/easo.eus\\\/es\\\/2017\\\/03\\\/03\\\/32-alumnos-y-alumnas-en-el-programa-erasmus\\\/\"]}]},{\"@type\":\"ImageObject\",\"inLanguage\":\"es\",\"@id\":\"https:\\\/\\\/easo.eus\\\/es\\\/2017\\\/03\\\/03\\\/32-alumnos-y-alumnas-en-el-programa-erasmus\\\/#primaryimage\",\"url\":\"https:\\\/\\\/easo.eus\\\/wp-content\\\/uploads\\\/2017\\\/03\\\/5725.jpg\",\"contentUrl\":\"https:\\\/\\\/easo.eus\\\/wp-content\\\/uploads\\\/2017\\\/03\\\/5725.jpg\",\"width\":400,\"height\":267},{\"@type\":\"BreadcrumbList\",\"@id\":\"https:\\\/\\\/easo.eus\\\/es\\\/2017\\\/03\\\/03\\\/32-alumnos-y-alumnas-en-el-programa-erasmus\\\/#breadcrumb\",\"itemListElement\":[{\"@type\":\"ListItem\",\"position\":1,\"name\":\"Home\",\"item\":\"https:\\\/\\\/easo.eus\\\/es\\\/hasiera\\\/\"},{\"@type\":\"ListItem\",\"position\":2,\"name\":\"32 alumnos y alumnas en el programa Erasmus+\"}]},{\"@type\":\"WebSite\",\"@id\":\"https:\\\/\\\/easo.eus\\\/es\\\/#website\",\"url\":\"https:\\\/\\\/easo.eus\\\/es\\\/\",\"name\":\"Easo Politeknikoa\",\"description\":\"\",\"publisher\":{\"@id\":\"https:\\\/\\\/easo.eus\\\/es\\\/#organization\"},\"potentialAction\":[{\"@type\":\"SearchAction\",\"target\":{\"@type\":\"EntryPoint\",\"urlTemplate\":\"https:\\\/\\\/easo.eus\\\/es\\\/?s={search_term_string}\"},\"query-input\":{\"@type\":\"PropertyValueSpecification\",\"valueRequired\":true,\"valueName\":\"search_term_string\"}}],\"inLanguage\":\"es\"},{\"@type\":\"Organization\",\"@id\":\"https:\\\/\\\/easo.eus\\\/es\\\/#organization\",\"name\":\"Easo Politeknikoa\",\"url\":\"https:\\\/\\\/easo.eus\\\/es\\\/\",\"logo\":{\"@type\":\"ImageObject\",\"inLanguage\":\"es\",\"@id\":\"https:\\\/\\\/easo.eus\\\/es\\\/#\\\/schema\\\/logo\\\/image\\\/\",\"url\":\"https:\\\/\\\/easo.eus\\\/wp-content\\\/uploads\\\/2025\\\/05\\\/layout_set_logo.png\",\"contentUrl\":\"https:\\\/\\\/easo.eus\\\/wp-content\\\/uploads\\\/2025\\\/05\\\/layout_set_logo.png\",\"width\":2033,\"height\":488,\"caption\":\"Easo Politeknikoa\"},\"image\":{\"@id\":\"https:\\\/\\\/easo.eus\\\/es\\\/#\\\/schema\\\/logo\\\/image\\\/\"},\"sameAs\":[\"https:\\\/\\\/www.facebook.com\\\/people\\\/CIFP-EASO-Politeknikoa-LHII\\\/100069039060131\\\/\",\"https:\\\/\\\/www.instagram.com\\\/easopolitek\\\/\"]}]}<\/script>\n<!-- \/ Yoast SEO plugin. -->","yoast_head_json":{"title":"32 alumnos y alumnas en el programa Erasmus+ - Easo Politeknikoa","robots":{"index":"index","follow":"follow","max-snippet":"max-snippet:-1","max-image-preview":"max-image-preview:large","max-video-preview":"max-video-preview:-1"},"canonical":"https:\/\/easo.eus\/es\/2017\/03\/03\/32-alumnos-y-alumnas-en-el-programa-erasmus\/","og_locale":"es_ES","og_type":"article","og_title":"32 alumnos y alumnas en el programa Erasmus+ - Easo Politeknikoa","og_description":"| Este curso ser\u00e1n 31 los alumnos y alumnas de Easo Politeknikoa que realizar\u00e1n las pr\u00e1cticas de formaci\u00f3n en centros de trabajo bajo los programas Erasmus+ KA 116 y KA103. Durante 3 meses podr\u00e1n conocer c\u00f3mo se trabaja y la cultura del pa\u00eds de destino. Este curso los pa\u00edses de destino ser\u00e1n Italia, Portugal, Irlanda,...","og_url":"https:\/\/easo.eus\/es\/2017\/03\/03\/32-alumnos-y-alumnas-en-el-programa-erasmus\/","og_site_name":"Easo Politeknikoa","article_publisher":"https:\/\/www.facebook.com\/people\/CIFP-EASO-Politeknikoa-LHII\/100069039060131\/","article_published_time":"2017-03-02T23:00:00+00:00","og_image":[{"width":2033,"height":488,"url":"https:\/\/easo.eus\/wp-content\/uploads\/2025\/05\/layout_set_logo.png","type":"image\/png"}],"twitter_card":"summary_large_image","schema":{"@context":"https:\/\/schema.org","@graph":[{"@type":"Article","@id":"https:\/\/easo.eus\/es\/2017\/03\/03\/32-alumnos-y-alumnas-en-el-programa-erasmus\/#article","isPartOf":{"@id":"https:\/\/easo.eus\/es\/2017\/03\/03\/32-alumnos-y-alumnas-en-el-programa-erasmus\/"},"author":{"name":"","@id":""},"headline":"32 alumnos y alumnas en el programa Erasmus+","datePublished":"2017-03-02T23:00:00+00:00","mainEntityOfPage":{"@id":"https:\/\/easo.eus\/es\/2017\/03\/03\/32-alumnos-y-alumnas-en-el-programa-erasmus\/"},"wordCount":73,"publisher":{"@id":"https:\/\/easo.eus\/es\/#organization"},"image":{"@id":"https:\/\/easo.eus\/es\/2017\/03\/03\/32-alumnos-y-alumnas-en-el-programa-erasmus\/#primaryimage"},"thumbnailUrl":"https:\/\/easo.eus\/wp-content\/uploads\/2017\/03\/5725.jpg","articleSection":["Uncategorized @eu"],"inLanguage":"es"},{"@type":"WebPage","@id":"https:\/\/easo.eus\/es\/2017\/03\/03\/32-alumnos-y-alumnas-en-el-programa-erasmus\/","url":"https:\/\/easo.eus\/es\/2017\/03\/03\/32-alumnos-y-alumnas-en-el-programa-erasmus\/","name":"32 alumnos y alumnas en el programa Erasmus+ - Easo Politeknikoa","isPartOf":{"@id":"https:\/\/easo.eus\/es\/#website"},"primaryImageOfPage":{"@id":"https:\/\/easo.eus\/es\/2017\/03\/03\/32-alumnos-y-alumnas-en-el-programa-erasmus\/#primaryimage"},"image":{"@id":"https:\/\/easo.eus\/es\/2017\/03\/03\/32-alumnos-y-alumnas-en-el-programa-erasmus\/#primaryimage"},"thumbnailUrl":"https:\/\/easo.eus\/wp-content\/uploads\/2017\/03\/5725.jpg","datePublished":"2017-03-02T23:00:00+00:00","breadcrumb":{"@id":"https:\/\/easo.eus\/es\/2017\/03\/03\/32-alumnos-y-alumnas-en-el-programa-erasmus\/#breadcrumb"},"inLanguage":"es","potentialAction":[{"@type":"ReadAction","target":["https:\/\/easo.eus\/es\/2017\/03\/03\/32-alumnos-y-alumnas-en-el-programa-erasmus\/"]}]},{"@type":"ImageObject","inLanguage":"es","@id":"https:\/\/easo.eus\/es\/2017\/03\/03\/32-alumnos-y-alumnas-en-el-programa-erasmus\/#primaryimage","url":"https:\/\/easo.eus\/wp-content\/uploads\/2017\/03\/5725.jpg","contentUrl":"https:\/\/easo.eus\/wp-content\/uploads\/2017\/03\/5725.jpg","width":400,"height":267},{"@type":"BreadcrumbList","@id":"https:\/\/easo.eus\/es\/2017\/03\/03\/32-alumnos-y-alumnas-en-el-programa-erasmus\/#breadcrumb","itemListElement":[{"@type":"ListItem","position":1,"name":"Home","item":"https:\/\/easo.eus\/es\/hasiera\/"},{"@type":"ListItem","position":2,"name":"32 alumnos y alumnas en el programa Erasmus+"}]},{"@type":"WebSite","@id":"https:\/\/easo.eus\/es\/#website","url":"https:\/\/easo.eus\/es\/","name":"Easo Politeknikoa","description":"","publisher":{"@id":"https:\/\/easo.eus\/es\/#organization"},"potentialAction":[{"@type":"SearchAction","target":{"@type":"EntryPoint","urlTemplate":"https:\/\/easo.eus\/es\/?s={search_term_string}"},"query-input":{"@type":"PropertyValueSpecification","valueRequired":true,"valueName":"search_term_string"}}],"inLanguage":"es"},{"@type":"Organization","@id":"https:\/\/easo.eus\/es\/#organization","name":"Easo Politeknikoa","url":"https:\/\/easo.eus\/es\/","logo":{"@type":"ImageObject","inLanguage":"es","@id":"https:\/\/easo.eus\/es\/#\/schema\/logo\/image\/","url":"https:\/\/easo.eus\/wp-content\/uploads\/2025\/05\/layout_set_logo.png","contentUrl":"https:\/\/easo.eus\/wp-content\/uploads\/2025\/05\/layout_set_logo.png","width":2033,"height":488,"caption":"Easo Politeknikoa"},"image":{"@id":"https:\/\/easo.eus\/es\/#\/schema\/logo\/image\/"},"sameAs":["https:\/\/www.facebook.com\/people\/CIFP-EASO-Politeknikoa-LHII\/100069039060131\/","https:\/\/www.instagram.com\/easopolitek\/"]}]}},"_links":{"self":[{"href":"https:\/\/easo.eus\/es\/wp-json\/wp\/v2\/posts\/7600","targetHints":{"allow":["GET"]}}],"collection":[{"href":"https:\/\/easo.eus\/es\/wp-json\/wp\/v2\/posts"}],"about":[{"href":"https:\/\/easo.eus\/es\/wp-json\/wp\/v2\/types\/post"}],"replies":[{"embeddable":true,"href":"https:\/\/easo.eus\/es\/wp-json\/wp\/v2\/comments?post=7600"}],"version-history":[{"count":0,"href":"https:\/\/easo.eus\/es\/wp-json\/wp\/v2\/posts\/7600\/revisions"}],"wp:featuredmedia":[{"embeddable":true,"href":"https:\/\/easo.eus\/es\/wp-json\/wp\/v2\/media\/5726"}],"wp:attachment":[{"href":"https:\/\/easo.eus\/es\/wp-json\/wp\/v2\/media?parent=7600"}],"wp:term":[{"taxonomy":"category","embeddable":true,"href":"https:\/\/easo.eus\/es\/wp-json\/wp\/v2\/categories?post=7600"},{"taxonomy":"post_tag","embeddable":true,"href":"https:\/\/easo.eus\/es\/wp-json\/wp\/v2\/tags?post=7600"}],"curies":[{"name":"wp","href":"https:\/\/api.w.org\/{rel}","templated":true}]}}