{"id":7603,"date":"2017-02-20T00:00:00","date_gmt":"2017-02-19T23:00:00","guid":{"rendered":"https:\/\/easo.eus\/2017\/02\/20\/educacion-y-control-ambiental-visita-papresa\/"},"modified":"2017-02-20T00:00:00","modified_gmt":"2017-02-19T23:00:00","slug":"educacion-y-control-ambiental-visita-papresa","status":"publish","type":"post","link":"https:\/\/easo.eus\/es\/2017\/02\/20\/educacion-y-control-ambiental-visita-papresa\/","title":{"rendered":"Educaci\u00f3n y Control Ambiental visita Papresa"},"content":{"rendered":"<p>|  El pasado mi\u00e9rcoles, 15 de febrero, los alumn y alumnas y profesores de primer curso del ciclo superior Educaci\u00f3n y Control Ambiental hemos estado visitando en Renter\u00eda Papresa, empresa que se dedica a la fabricaci\u00f3n de papel prensa a partir del papel que separamos diariamente en el contenedor azul. Al d\u00eda producen 1000 toneladas de papel prensa, lo que evita diariamente la tala de 17000 \u00e1rboles, es decir, algo m\u00e1s de 6 millones de \u00e1rboles al a\u00f1o. En Papresa tienen dos l\u00edneas de producci\u00f3n: la que genera la pasta de papel y la que genera a partir de dicha pasta el papel prensa. Adem\u00e1s tienen dos l\u00edneas auxiliares: la central t\u00e9rmica que genera vapor de agua y la depuradora de agua. Una bonita oportunidad para poner el broche de oro al reto que hemos realizado sobre la clasificaci\u00f3n de residuos.<\/p>\n<p>&#8212;|&#8212;<\/p>\n","protected":false},"excerpt":{"rendered":"<p>| El pasado mi\u00e9rcoles, 15 de febrero, los alumn y alumnas y profesores de primer curso del ciclo superior Educaci\u00f3n y Control Ambiental hemos estado visitando en Renter\u00eda Papresa, empresa que se dedica a la fabricaci\u00f3n de papel prensa a partir del papel que separamos diariamente en el contenedor azul. Al d\u00eda producen 1000 toneladas&#8230;<\/p>\n","protected":false},"author":0,"featured_media":5738,"comment_status":"closed","ping_status":"closed","sticky":false,"template":"","format":"standard","meta":{"_acf_changed":false,"footnotes":""},"categories":[1],"tags":[],"class_list":["post-7603","post","type-post","status-publish","format-standard","has-post-thumbnail","hentry","category-uncategorized-eu"],"acf":[],"yoast_head":"<!-- This site is optimized with the Yoast SEO plugin v27.3 - https:\/\/yoast.com\/product\/yoast-seo-wordpress\/ -->\n<title>Educaci\u00f3n y Control Ambiental visita Papresa - Easo Politeknikoa<\/title>\n<meta name=\"robots\" content=\"index, follow, max-snippet:-1, max-image-preview:large, max-video-preview:-1\" \/>\n<link rel=\"canonical\" href=\"https:\/\/easo.eus\/es\/2017\/02\/20\/educacion-y-control-ambiental-visita-papresa\/\" \/>\n<meta property=\"og:locale\" content=\"es_ES\" \/>\n<meta property=\"og:type\" content=\"article\" \/>\n<meta property=\"og:title\" content=\"Educaci\u00f3n y Control Ambiental visita Papresa - Easo Politeknikoa\" \/>\n<meta property=\"og:description\" content=\"| El pasado mi\u00e9rcoles, 15 de febrero, los alumn y alumnas y profesores de primer curso del ciclo superior Educaci\u00f3n y Control Ambiental hemos estado visitando en Renter\u00eda Papresa, empresa que se dedica a la fabricaci\u00f3n de papel prensa a partir del papel que separamos diariamente en el contenedor azul. Al d\u00eda producen 1000 toneladas...\" \/>\n<meta property=\"og:url\" content=\"https:\/\/easo.eus\/es\/2017\/02\/20\/educacion-y-control-ambiental-visita-papresa\/\" \/>\n<meta property=\"og:site_name\" content=\"Easo Politeknikoa\" \/>\n<meta property=\"article:publisher\" content=\"https:\/\/www.facebook.com\/people\/CIFP-EASO-Politeknikoa-LHII\/100069039060131\/\" \/>\n<meta property=\"article:published_time\" content=\"2017-02-19T23:00:00+00:00\" \/>\n<meta property=\"og:image\" content=\"https:\/\/easo.eus\/wp-content\/uploads\/2025\/05\/layout_set_logo.png\" \/>\n\t<meta property=\"og:image:width\" content=\"2033\" \/>\n\t<meta property=\"og:image:height\" content=\"488\" \/>\n\t<meta property=\"og:image:type\" content=\"image\/png\" \/>\n<meta name=\"twitter:card\" content=\"summary_large_image\" \/>\n<meta name=\"twitter:label1\" content=\"Tiempo de lectura\" \/>\n\t<meta name=\"twitter:data1\" content=\"1 minuto\" \/>\n<script type=\"application\/ld+json\" class=\"yoast-schema-graph\">{\"@context\":\"https:\\\/\\\/schema.org\",\"@graph\":[{\"@type\":\"Article\",\"@id\":\"https:\\\/\\\/easo.eus\\\/es\\\/2017\\\/02\\\/20\\\/educacion-y-control-ambiental-visita-papresa\\\/#article\",\"isPartOf\":{\"@id\":\"https:\\\/\\\/easo.eus\\\/es\\\/2017\\\/02\\\/20\\\/educacion-y-control-ambiental-visita-papresa\\\/\"},\"author\":{\"name\":\"\",\"@id\":\"\"},\"headline\":\"Educaci\u00f3n y Control Ambiental visita Papresa\",\"datePublished\":\"2017-02-19T23:00:00+00:00\",\"mainEntityOfPage\":{\"@id\":\"https:\\\/\\\/easo.eus\\\/es\\\/2017\\\/02\\\/20\\\/educacion-y-control-ambiental-visita-papresa\\\/\"},\"wordCount\":158,\"publisher\":{\"@id\":\"https:\\\/\\\/easo.eus\\\/es\\\/#organization\"},\"image\":{\"@id\":\"https:\\\/\\\/easo.eus\\\/es\\\/2017\\\/02\\\/20\\\/educacion-y-control-ambiental-visita-papresa\\\/#primaryimage\"},\"thumbnailUrl\":\"https:\\\/\\\/easo.eus\\\/wp-content\\\/uploads\\\/2017\\\/02\\\/5737.jpg\",\"articleSection\":[\"Uncategorized @eu\"],\"inLanguage\":\"es\"},{\"@type\":\"WebPage\",\"@id\":\"https:\\\/\\\/easo.eus\\\/es\\\/2017\\\/02\\\/20\\\/educacion-y-control-ambiental-visita-papresa\\\/\",\"url\":\"https:\\\/\\\/easo.eus\\\/es\\\/2017\\\/02\\\/20\\\/educacion-y-control-ambiental-visita-papresa\\\/\",\"name\":\"Educaci\u00f3n y Control Ambiental visita Papresa - Easo Politeknikoa\",\"isPartOf\":{\"@id\":\"https:\\\/\\\/easo.eus\\\/es\\\/#website\"},\"primaryImageOfPage\":{\"@id\":\"https:\\\/\\\/easo.eus\\\/es\\\/2017\\\/02\\\/20\\\/educacion-y-control-ambiental-visita-papresa\\\/#primaryimage\"},\"image\":{\"@id\":\"https:\\\/\\\/easo.eus\\\/es\\\/2017\\\/02\\\/20\\\/educacion-y-control-ambiental-visita-papresa\\\/#primaryimage\"},\"thumbnailUrl\":\"https:\\\/\\\/easo.eus\\\/wp-content\\\/uploads\\\/2017\\\/02\\\/5737.jpg\",\"datePublished\":\"2017-02-19T23:00:00+00:00\",\"breadcrumb\":{\"@id\":\"https:\\\/\\\/easo.eus\\\/es\\\/2017\\\/02\\\/20\\\/educacion-y-control-ambiental-visita-papresa\\\/#breadcrumb\"},\"inLanguage\":\"es\",\"potentialAction\":[{\"@type\":\"ReadAction\",\"target\":[\"https:\\\/\\\/easo.eus\\\/es\\\/2017\\\/02\\\/20\\\/educacion-y-control-ambiental-visita-papresa\\\/\"]}]},{\"@type\":\"ImageObject\",\"inLanguage\":\"es\",\"@id\":\"https:\\\/\\\/easo.eus\\\/es\\\/2017\\\/02\\\/20\\\/educacion-y-control-ambiental-visita-papresa\\\/#primaryimage\",\"url\":\"https:\\\/\\\/easo.eus\\\/wp-content\\\/uploads\\\/2017\\\/02\\\/5737.jpg\",\"contentUrl\":\"https:\\\/\\\/easo.eus\\\/wp-content\\\/uploads\\\/2017\\\/02\\\/5737.jpg\",\"width\":400,\"height\":300},{\"@type\":\"BreadcrumbList\",\"@id\":\"https:\\\/\\\/easo.eus\\\/es\\\/2017\\\/02\\\/20\\\/educacion-y-control-ambiental-visita-papresa\\\/#breadcrumb\",\"itemListElement\":[{\"@type\":\"ListItem\",\"position\":1,\"name\":\"Home\",\"item\":\"https:\\\/\\\/easo.eus\\\/es\\\/hasiera\\\/\"},{\"@type\":\"ListItem\",\"position\":2,\"name\":\"Educaci\u00f3n y Control Ambiental visita Papresa\"}]},{\"@type\":\"WebSite\",\"@id\":\"https:\\\/\\\/easo.eus\\\/es\\\/#website\",\"url\":\"https:\\\/\\\/easo.eus\\\/es\\\/\",\"name\":\"Easo Politeknikoa\",\"description\":\"\",\"publisher\":{\"@id\":\"https:\\\/\\\/easo.eus\\\/es\\\/#organization\"},\"potentialAction\":[{\"@type\":\"SearchAction\",\"target\":{\"@type\":\"EntryPoint\",\"urlTemplate\":\"https:\\\/\\\/easo.eus\\\/es\\\/?s={search_term_string}\"},\"query-input\":{\"@type\":\"PropertyValueSpecification\",\"valueRequired\":true,\"valueName\":\"search_term_string\"}}],\"inLanguage\":\"es\"},{\"@type\":\"Organization\",\"@id\":\"https:\\\/\\\/easo.eus\\\/es\\\/#organization\",\"name\":\"Easo Politeknikoa\",\"url\":\"https:\\\/\\\/easo.eus\\\/es\\\/\",\"logo\":{\"@type\":\"ImageObject\",\"inLanguage\":\"es\",\"@id\":\"https:\\\/\\\/easo.eus\\\/es\\\/#\\\/schema\\\/logo\\\/image\\\/\",\"url\":\"https:\\\/\\\/easo.eus\\\/wp-content\\\/uploads\\\/2025\\\/05\\\/layout_set_logo.png\",\"contentUrl\":\"https:\\\/\\\/easo.eus\\\/wp-content\\\/uploads\\\/2025\\\/05\\\/layout_set_logo.png\",\"width\":2033,\"height\":488,\"caption\":\"Easo Politeknikoa\"},\"image\":{\"@id\":\"https:\\\/\\\/easo.eus\\\/es\\\/#\\\/schema\\\/logo\\\/image\\\/\"},\"sameAs\":[\"https:\\\/\\\/www.facebook.com\\\/people\\\/CIFP-EASO-Politeknikoa-LHII\\\/100069039060131\\\/\",\"https:\\\/\\\/www.instagram.com\\\/easopolitek\\\/\"]}]}<\/script>\n<!-- \/ Yoast SEO plugin. -->","yoast_head_json":{"title":"Educaci\u00f3n y Control Ambiental visita Papresa - Easo Politeknikoa","robots":{"index":"index","follow":"follow","max-snippet":"max-snippet:-1","max-image-preview":"max-image-preview:large","max-video-preview":"max-video-preview:-1"},"canonical":"https:\/\/easo.eus\/es\/2017\/02\/20\/educacion-y-control-ambiental-visita-papresa\/","og_locale":"es_ES","og_type":"article","og_title":"Educaci\u00f3n y Control Ambiental visita Papresa - Easo Politeknikoa","og_description":"| El pasado mi\u00e9rcoles, 15 de febrero, los alumn y alumnas y profesores de primer curso del ciclo superior Educaci\u00f3n y Control Ambiental hemos estado visitando en Renter\u00eda Papresa, empresa que se dedica a la fabricaci\u00f3n de papel prensa a partir del papel que separamos diariamente en el contenedor azul. Al d\u00eda producen 1000 toneladas...","og_url":"https:\/\/easo.eus\/es\/2017\/02\/20\/educacion-y-control-ambiental-visita-papresa\/","og_site_name":"Easo Politeknikoa","article_publisher":"https:\/\/www.facebook.com\/people\/CIFP-EASO-Politeknikoa-LHII\/100069039060131\/","article_published_time":"2017-02-19T23:00:00+00:00","og_image":[{"width":2033,"height":488,"url":"https:\/\/easo.eus\/wp-content\/uploads\/2025\/05\/layout_set_logo.png","type":"image\/png"}],"twitter_card":"summary_large_image","twitter_misc":{"Tiempo de lectura":"1 minuto"},"schema":{"@context":"https:\/\/schema.org","@graph":[{"@type":"Article","@id":"https:\/\/easo.eus\/es\/2017\/02\/20\/educacion-y-control-ambiental-visita-papresa\/#article","isPartOf":{"@id":"https:\/\/easo.eus\/es\/2017\/02\/20\/educacion-y-control-ambiental-visita-papresa\/"},"author":{"name":"","@id":""},"headline":"Educaci\u00f3n y Control Ambiental visita Papresa","datePublished":"2017-02-19T23:00:00+00:00","mainEntityOfPage":{"@id":"https:\/\/easo.eus\/es\/2017\/02\/20\/educacion-y-control-ambiental-visita-papresa\/"},"wordCount":158,"publisher":{"@id":"https:\/\/easo.eus\/es\/#organization"},"image":{"@id":"https:\/\/easo.eus\/es\/2017\/02\/20\/educacion-y-control-ambiental-visita-papresa\/#primaryimage"},"thumbnailUrl":"https:\/\/easo.eus\/wp-content\/uploads\/2017\/02\/5737.jpg","articleSection":["Uncategorized @eu"],"inLanguage":"es"},{"@type":"WebPage","@id":"https:\/\/easo.eus\/es\/2017\/02\/20\/educacion-y-control-ambiental-visita-papresa\/","url":"https:\/\/easo.eus\/es\/2017\/02\/20\/educacion-y-control-ambiental-visita-papresa\/","name":"Educaci\u00f3n y Control Ambiental visita Papresa - Easo Politeknikoa","isPartOf":{"@id":"https:\/\/easo.eus\/es\/#website"},"primaryImageOfPage":{"@id":"https:\/\/easo.eus\/es\/2017\/02\/20\/educacion-y-control-ambiental-visita-papresa\/#primaryimage"},"image":{"@id":"https:\/\/easo.eus\/es\/2017\/02\/20\/educacion-y-control-ambiental-visita-papresa\/#primaryimage"},"thumbnailUrl":"https:\/\/easo.eus\/wp-content\/uploads\/2017\/02\/5737.jpg","datePublished":"2017-02-19T23:00:00+00:00","breadcrumb":{"@id":"https:\/\/easo.eus\/es\/2017\/02\/20\/educacion-y-control-ambiental-visita-papresa\/#breadcrumb"},"inLanguage":"es","potentialAction":[{"@type":"ReadAction","target":["https:\/\/easo.eus\/es\/2017\/02\/20\/educacion-y-control-ambiental-visita-papresa\/"]}]},{"@type":"ImageObject","inLanguage":"es","@id":"https:\/\/easo.eus\/es\/2017\/02\/20\/educacion-y-control-ambiental-visita-papresa\/#primaryimage","url":"https:\/\/easo.eus\/wp-content\/uploads\/2017\/02\/5737.jpg","contentUrl":"https:\/\/easo.eus\/wp-content\/uploads\/2017\/02\/5737.jpg","width":400,"height":300},{"@type":"BreadcrumbList","@id":"https:\/\/easo.eus\/es\/2017\/02\/20\/educacion-y-control-ambiental-visita-papresa\/#breadcrumb","itemListElement":[{"@type":"ListItem","position":1,"name":"Home","item":"https:\/\/easo.eus\/es\/hasiera\/"},{"@type":"ListItem","position":2,"name":"Educaci\u00f3n y Control Ambiental visita Papresa"}]},{"@type":"WebSite","@id":"https:\/\/easo.eus\/es\/#website","url":"https:\/\/easo.eus\/es\/","name":"Easo Politeknikoa","description":"","publisher":{"@id":"https:\/\/easo.eus\/es\/#organization"},"potentialAction":[{"@type":"SearchAction","target":{"@type":"EntryPoint","urlTemplate":"https:\/\/easo.eus\/es\/?s={search_term_string}"},"query-input":{"@type":"PropertyValueSpecification","valueRequired":true,"valueName":"search_term_string"}}],"inLanguage":"es"},{"@type":"Organization","@id":"https:\/\/easo.eus\/es\/#organization","name":"Easo Politeknikoa","url":"https:\/\/easo.eus\/es\/","logo":{"@type":"ImageObject","inLanguage":"es","@id":"https:\/\/easo.eus\/es\/#\/schema\/logo\/image\/","url":"https:\/\/easo.eus\/wp-content\/uploads\/2025\/05\/layout_set_logo.png","contentUrl":"https:\/\/easo.eus\/wp-content\/uploads\/2025\/05\/layout_set_logo.png","width":2033,"height":488,"caption":"Easo Politeknikoa"},"image":{"@id":"https:\/\/easo.eus\/es\/#\/schema\/logo\/image\/"},"sameAs":["https:\/\/www.facebook.com\/people\/CIFP-EASO-Politeknikoa-LHII\/100069039060131\/","https:\/\/www.instagram.com\/easopolitek\/"]}]}},"_links":{"self":[{"href":"https:\/\/easo.eus\/es\/wp-json\/wp\/v2\/posts\/7603","targetHints":{"allow":["GET"]}}],"collection":[{"href":"https:\/\/easo.eus\/es\/wp-json\/wp\/v2\/posts"}],"about":[{"href":"https:\/\/easo.eus\/es\/wp-json\/wp\/v2\/types\/post"}],"replies":[{"embeddable":true,"href":"https:\/\/easo.eus\/es\/wp-json\/wp\/v2\/comments?post=7603"}],"version-history":[{"count":0,"href":"https:\/\/easo.eus\/es\/wp-json\/wp\/v2\/posts\/7603\/revisions"}],"wp:featuredmedia":[{"embeddable":true,"href":"https:\/\/easo.eus\/es\/wp-json\/wp\/v2\/media\/5738"}],"wp:attachment":[{"href":"https:\/\/easo.eus\/es\/wp-json\/wp\/v2\/media?parent=7603"}],"wp:term":[{"taxonomy":"category","embeddable":true,"href":"https:\/\/easo.eus\/es\/wp-json\/wp\/v2\/categories?post=7603"},{"taxonomy":"post_tag","embeddable":true,"href":"https:\/\/easo.eus\/es\/wp-json\/wp\/v2\/tags?post=7603"}],"curies":[{"name":"wp","href":"https:\/\/api.w.org\/{rel}","templated":true}]}}